{"id":144657,"date":"2025-09-08T15:30:06","date_gmt":"2025-09-08T20:30:06","guid":{"rendered":"https:\/\/elcuartopoder.com.mx\/nw\/?p=144657"},"modified":"2025-09-08T15:30:08","modified_gmt":"2025-09-08T20:30:08","slug":"encuentran-nuevos-ejemplares-de-nayade-margaritona-en-el-ebro-una-especie-en-peligro-critico-de-extincion","status":"publish","type":"post","link":"http:\/\/elcuartopoder.com.mx\/nw\/varios\/encuentran-nuevos-ejemplares-de-nayade-margaritona-en-el-ebro-una-especie-en-peligro-critico-de-extincion\/","title":{"rendered":"Encuentran nuevos ejemplares de n\u00e1yade margaritona en el Ebro, una especie en peligro cr\u00edtico de extinci\u00f3n"},"content":{"rendered":"\n<p>En Arag\u00f3n se encuentra la mayor poblaci\u00f3n mundial censada de estos bivalvos de agua dulce.<\/p>\n\n\n\n<p>Los estudios impulsados por la Direcci\u00f3n General de Biodiversidad, Bosques y Desertificaci\u00f3n del Ministerio para la Transici\u00f3n Ecol\u00f3gica y el Reto Demogr\u00e1fico (Miteco) han confirmado el hallazgo de nuevos ejemplares de\u00a0<strong>n\u00e1yade margaritona<\/strong>\u00a0(&#8216;pseudunio auricularius&#8217;) en el r\u00edo Ebro, un bivalvo de agua dulce\u00a0en peligro cr\u00edtico de extinci\u00f3n.<\/p>\n\n\n\n<p>En una zona situada aguas arriba de Zaragoza, considerada \u00e1rea cr\u00edtica para la especie, se han localizado cuatro nuevos ejemplares adultos vivos durante los trabajos realizados en 2025.<\/p>\n\n\n\n<p>Seg\u00fan informa el Miteco, esta misma zona ya hab\u00eda proporcionado cinco individuos adicionales el pasado a\u00f1o, lo que refuerza su valor estrat\u00e9gico para la conservaci\u00f3n. Adem\u00e1s, se ha confirmado la supervivencia de varios ejemplares traslocados desde el Canal Imperial de\u00a0Arag\u00f3n,\u00a0aunque su seguimiento en el cauce principal del Ebro presenta dificultades debido a la din\u00e1mica fluvial.<\/p>\n\n\n\n<p>A estos avances se suman los resultados obtenidos por la Confederaci\u00f3n Hidrogr\u00e1fica del Ebro (CHE), que han permitido encontrar nuevos ejemplares en tramos del r\u00edo Ebro en Navarra, La Rioja y Castilla y Le\u00f3n, incluyendo el individuo m\u00e1s cercano a Zaragoza conocido hasta la fecha.<\/p>\n\n\n\n<p>Estas acciones se alinean con los objetivos del Plan Estrat\u00e9gico Estatal del Patrimonio Natural y la Biodiversidad 2030, que establece las prioridades nacionales en materia de conservaci\u00f3n de especies amenazadas y restauraci\u00f3n de ecosistemas acu\u00e1ticos. Asimismo, forman parte de las medidas recogidas en Estrategia Nacional para la Conservaci\u00f3n de Margaritifera auricularia en Espa\u00f1a, que define las \u00e1reas cr\u00edticas como \u00abzonas vitales para la persistencia y recuperaci\u00f3n de la especie, incluyendo tanto \u00e1reas con presencia de adultos como aquellas importantes para el desarrollo juvenil\u00bb.<\/p>\n\n\n\n<p>Arag\u00f3n alberga hist\u00f3ricamente la mayor poblaci\u00f3n mundial censada de&nbsp;<strong>margaritona, con m\u00e1s de 6.000 ejemplares.<\/strong>&nbsp;Sin embargo, en la \u00faltima d\u00e9cada se ha producido un fuerte declive debido a la mala calidad del agua, la contaminaci\u00f3n difusa por agroqu\u00edmicos y la invasi\u00f3n de especies ex\u00f3ticas como la almeja asi\u00e1tica. Actualmente se estima la presencia de entre 1.000 y 1.500 ejemplares adultos.<\/p>\n\n\n\n<p>El Miteco participa tambi\u00e9n en el programa de cr\u00eda en cautividad en las instalaciones de El Bocal (Canal Imperial de Arag\u00f3n), donde los ejemplares nacidos en cautividad han alcanzado tallas de 7\u20138 cm y han comenzado a reproducirse, asegurando la viabilidad del programa a largo plazo.<\/p>\n\n\n\n<p>Fuente: ABC<\/p>\n","protected":false},"excerpt":{"rendered":"<p>En Arag\u00f3n se encuentra la mayor poblaci\u00f3n mundial censada de estos bivalvos de agua dulce. Los estudios impulsados por la Direcci\u00f3n General de Biodiversidad, Bosques y Desertificaci\u00f3n del Ministerio para la Transici\u00f3n Ecol\u00f3gica y el Reto Demogr\u00e1fico (Miteco) han confirmado el hallazgo de nuevos ejemplares de\u00a0n\u00e1yade margaritona\u00a0(&#8216;pseudunio auricularius&#8217;) en el r\u00edo Ebro, un bivalvo de [&hellip;]<\/p>\n","protected":false},"author":2,"featured_media":144658,"comment_status":"open","ping_status":"open","sticky":false,"template":"","format":"standard","meta":{"footnotes":""},"categories":[64],"tags":[],"class_list":["post-144657","post","type-post","status-publish","format-standard","has-post-thumbnail","hentry","category-varios"],"_links":{"self":[{"href":"http:\/\/elcuartopoder.com.mx\/nw\/wp-json\/wp\/v2\/posts\/144657","targetHints":{"allow":["GET"]}}],"collection":[{"href":"http:\/\/elcuartopoder.com.mx\/nw\/wp-json\/wp\/v2\/posts"}],"about":[{"href":"http:\/\/elcuartopoder.com.mx\/nw\/wp-json\/wp\/v2\/types\/post"}],"author":[{"embeddable":true,"href":"http:\/\/elcuartopoder.com.mx\/nw\/wp-json\/wp\/v2\/users\/2"}],"replies":[{"embeddable":true,"href":"http:\/\/elcuartopoder.com.mx\/nw\/wp-json\/wp\/v2\/comments?post=144657"}],"version-history":[{"count":1,"href":"http:\/\/elcuartopoder.com.mx\/nw\/wp-json\/wp\/v2\/posts\/144657\/revisions"}],"predecessor-version":[{"id":144659,"href":"http:\/\/elcuartopoder.com.mx\/nw\/wp-json\/wp\/v2\/posts\/144657\/revisions\/144659"}],"wp:featuredmedia":[{"embeddable":true,"href":"http:\/\/elcuartopoder.com.mx\/nw\/wp-json\/wp\/v2\/media\/144658"}],"wp:attachment":[{"href":"http:\/\/elcuartopoder.com.mx\/nw\/wp-json\/wp\/v2\/media?parent=144657"}],"wp:term":[{"taxonomy":"category","embeddable":true,"href":"http:\/\/elcuartopoder.com.mx\/nw\/wp-json\/wp\/v2\/categories?post=144657"},{"taxonomy":"post_tag","embeddable":true,"href":"http:\/\/elcuartopoder.com.mx\/nw\/wp-json\/wp\/v2\/tags?post=144657"}],"curies":[{"name":"wp","href":"https:\/\/api.w.org\/{rel}","templated":true}]}}