{"id":144669,"date":"2025-09-08T15:48:39","date_gmt":"2025-09-08T20:48:39","guid":{"rendered":"https:\/\/elcuartopoder.com.mx\/nw\/?p=144669"},"modified":"2025-09-08T15:48:41","modified_gmt":"2025-09-08T20:48:41","slug":"mark-ruffalo-deja-en-suspenso-su-regreso-como-hulk-en-el-ucm","status":"publish","type":"post","link":"http:\/\/elcuartopoder.com.mx\/nw\/entretenimiento\/espectaculos\/mark-ruffalo-deja-en-suspenso-su-regreso-como-hulk-en-el-ucm\/","title":{"rendered":"Mark Ruffalo deja en suspenso su regreso como Hulk en el UCM"},"content":{"rendered":"\n<p>Los rumores sobre su regreso surgieron en agosto, cuando Variety report\u00f3 que Ruffalo estaba en conversaciones para sumarse a Spider-Man: Brand New Day.<\/p>\n\n\n\n<p><strong>Mark Ruffalo<\/strong>\u00a0mantiene en vilo a los fan\u00e1ticos de Marvel.\u00a0<\/p>\n\n\n\n<p>El actor, conocido por dar vida a Hulk en el&nbsp;<strong>Universo Cinematogr\u00e1fico de Marvel (UCM)<\/strong>, asegur\u00f3 en una reciente entrevista con Entertainment Tonight que a\u00fan no tiene claro si volver\u00e1 a interpretar al ic\u00f3nico superh\u00e9roe.<\/p>\n\n\n\n<p><em>\u201c\u00a1No lo s\u00e9! Todav\u00eda estoy esperando noticias. A\u00fan no he le\u00eddo un gui\u00f3n. Si llegara a suceder, ser\u00eda incre\u00edble\u201d,&nbsp;<\/em>respondi\u00f3 Ruffalo cuando le preguntaron sobre su posible participaci\u00f3n en Spider-Man: Brand New Day.<\/p>\n\n\n\n<blockquote class=\"wp-block-quote is-layout-flow wp-block-quote-is-layout-flow\"><\/blockquote>\n\n\n\n<p>El actor record\u00f3 el impacto que el papel ha tenido en su carrera:<\/p>\n\n\n\n<p><em>\u201cCrec\u00ed con esto. Ha cambiado mi vida de las mejores maneras. Cada vez es un nuevo director y un nuevo mundo\u2026 es tan emocionante. No hay nada parecido. Tal vez la televisi\u00f3n, pero un programa no cambia todo su universo de un director a otro, y eso es lo que emociona de Marvel\u201d.<\/em><\/p>\n\n\n\n<blockquote class=\"wp-block-quote is-layout-flow wp-block-quote-is-layout-flow\"><\/blockquote>\n\n\n\n<p>Los rumores sobre su regreso surgieron en agosto, cuando Variety report\u00f3 que Ruffalo estaba en conversaciones para&nbsp;<strong>sumarse a la nueva entrega del ar\u00e1cnido interpretado por Tom Holland<\/strong>. Sin embargo, al d\u00eda de hoy no se ha confirmado si ya existe un acuerdo cerrado.<\/p>\n\n\n\n<h2 class=\"wp-block-heading\">Tres a\u00f1os sin Hulk<\/h2>\n\n\n\n<p>La \u00faltima vez que Ruffalo apareci\u00f3 en el UCM fue en la serie&nbsp;<em>She-Hulk: Attorney at Law<\/em>&nbsp;(2022), mientras que su participaci\u00f3n m\u00e1s destacada en cine fue en&nbsp;<em>Avengers: Endgame<\/em>&nbsp;(2019).<\/p>\n\n\n\n<p>Por su parte,<em>&nbsp;Spider-Man: Brand New Day<\/em>&nbsp;ser\u00e1 la cuarta cinta en solitario de Holland como Peter Parker. El elenco incluye a Zendaya (M.J. Jones-Watson) y Jacob Batalon (Ned Leeds), adem\u00e1s de la incorporaci\u00f3n de Jon Bernthal como el Punisher. A ellos se suman nuevos rostros como Sadie Sink, Trammel Tillman y Liza Col\u00f3n-Zayas.<\/p>\n\n\n\n<p>La pel\u00edcula, dirigida por Destin Daniel Cretton&nbsp;<em>(Shang-Chi and the Legend of the Ten Rings)<\/em>, llegar\u00e1 a los cines el 31 de julio bajo el sello de Sony.<\/p>\n\n\n\n<p>Fuente: SIPSE<\/p>\n","protected":false},"excerpt":{"rendered":"<p>Los rumores sobre su regreso surgieron en agosto, cuando Variety report\u00f3 que Ruffalo estaba en conversaciones para sumarse a Spider-Man: Brand New Day. Mark Ruffalo\u00a0mantiene en vilo a los fan\u00e1ticos de Marvel.\u00a0 El actor, conocido por dar vida a Hulk en el&nbsp;Universo Cinematogr\u00e1fico de Marvel (UCM), asegur\u00f3 en una reciente entrevista con Entertainment Tonight que [&hellip;]<\/p>\n","protected":false},"author":2,"featured_media":144670,"comment_status":"open","ping_status":"open","sticky":false,"template":"","format":"standard","meta":{"footnotes":""},"categories":[11],"tags":[],"class_list":["post-144669","post","type-post","status-publish","format-standard","has-post-thumbnail","hentry","category-espectaculos"],"_links":{"self":[{"href":"http:\/\/elcuartopoder.com.mx\/nw\/wp-json\/wp\/v2\/posts\/144669","targetHints":{"allow":["GET"]}}],"collection":[{"href":"http:\/\/elcuartopoder.com.mx\/nw\/wp-json\/wp\/v2\/posts"}],"about":[{"href":"http:\/\/elcuartopoder.com.mx\/nw\/wp-json\/wp\/v2\/types\/post"}],"author":[{"embeddable":true,"href":"http:\/\/elcuartopoder.com.mx\/nw\/wp-json\/wp\/v2\/users\/2"}],"replies":[{"embeddable":true,"href":"http:\/\/elcuartopoder.com.mx\/nw\/wp-json\/wp\/v2\/comments?post=144669"}],"version-history":[{"count":1,"href":"http:\/\/elcuartopoder.com.mx\/nw\/wp-json\/wp\/v2\/posts\/144669\/revisions"}],"predecessor-version":[{"id":144671,"href":"http:\/\/elcuartopoder.com.mx\/nw\/wp-json\/wp\/v2\/posts\/144669\/revisions\/144671"}],"wp:featuredmedia":[{"embeddable":true,"href":"http:\/\/elcuartopoder.com.mx\/nw\/wp-json\/wp\/v2\/media\/144670"}],"wp:attachment":[{"href":"http:\/\/elcuartopoder.com.mx\/nw\/wp-json\/wp\/v2\/media?parent=144669"}],"wp:term":[{"taxonomy":"category","embeddable":true,"href":"http:\/\/elcuartopoder.com.mx\/nw\/wp-json\/wp\/v2\/categories?post=144669"},{"taxonomy":"post_tag","embeddable":true,"href":"http:\/\/elcuartopoder.com.mx\/nw\/wp-json\/wp\/v2\/tags?post=144669"}],"curies":[{"name":"wp","href":"https:\/\/api.w.org\/{rel}","templated":true}]}}