{"id":144927,"date":"2025-09-12T09:02:36","date_gmt":"2025-09-12T14:02:36","guid":{"rendered":"https:\/\/elcuartopoder.com.mx\/nw\/?p=144927"},"modified":"2025-09-12T09:02:39","modified_gmt":"2025-09-12T14:02:39","slug":"numero-de-desaparecidos-en-los-ultimos-dias-en-la-zona-sur-podria-ser-mayor-levanta-grupo-armado-a-cinco-personas-en-hotel-de-chetumal","status":"publish","type":"post","link":"http:\/\/elcuartopoder.com.mx\/nw\/municipales\/numero-de-desaparecidos-en-los-ultimos-dias-en-la-zona-sur-podria-ser-mayor-levanta-grupo-armado-a-cinco-personas-en-hotel-de-chetumal\/","title":{"rendered":"N\u00daMERO DE DESAPARECIDOS EN LOS \u00daLTIMOS D\u00cdAS EN LA ZONA SUR PODR\u00cdA SER MAYOR: Levanta grupo armado a cinco personas en hotel de Chetumal"},"content":{"rendered":"\n<p><strong><strong>C<\/strong>HETUMAL, MX.-<\/strong>\u00a0Al menos cinco personas fueron privadas de su libertad en el Hotel Luna Caribe de la capital quintanarroense, luego de que un grupo armado que opera en el sur del estado presuntamente irrumpiera en el centro de hospedaje.<\/p>\n\n\n\n<p>De acuerdo a versiones extraoficiales, el n\u00famero de desaparecidos podr\u00eda ser mayor y ascender a once personas tras una serie de levantones registrados en los \u00faltimos d\u00edas en la capital del estado.<\/p>\n\n\n\n<p>La Fiscal\u00eda General del Estado report\u00f3 el 9 de septiembre la desaparici\u00f3n de cinco hombres en hechos ocurridos en distintos puntos de Chetumal.<\/p>\n\n\n\n<p>Las v\u00edctimas fueron identificadas como Alexis Augusto Ibarra Cornejo, de 20 a\u00f1os; Jack Iv\u00e1n Barra Mendoza, de 45; Juan Antonio R\u00edos Quiroz, de 40; Veiko de Jes\u00fas Ru\u00edz Verd\u00edn, de 29; y C\u00e9sar Augusto Ahumada Montes, de 43. Todos fueron vistos por \u00faltima vez el mismo 3 de septiembre, d\u00eda en que ocurri\u00f3 el ataque al hotel.<\/p>\n\n\n\n<p>Es importante mencionar que a inicios de la semana un hombre fue secuestrado en plena avenida principal de la ciudad cuando viajaba con su esposa, despu\u00e9s apareci\u00f3 con vida, aunque las autoridades no han informado las circunstancias de su liberaci\u00f3n.<\/p>\n\n\n\n<p>Pese a la magnitud de los hechos, hasta ahora no se han desplegado operativos especiales de b\u00fasqueda ni acciones visibles para dar con los responsables.<\/p>\n\n\n\n<p>Tanto la Fiscal\u00eda como la Secretar\u00eda de Seguridad Ciudadana no han informado sobre estos hechos, lo que ha generado molestia entre familiares de los desaparecidos, quienes reclaman la falta de respuesta inmediata.&nbsp;<\/p>\n\n\n\n<p>Fuente: NC<\/p>\n","protected":false},"excerpt":{"rendered":"<p>CHETUMAL, MX.-\u00a0Al menos cinco personas fueron privadas de su libertad en el Hotel Luna Caribe de la capital quintanarroense, luego de que un grupo armado que opera en el sur del estado presuntamente irrumpiera en el centro de hospedaje. De acuerdo a versiones extraoficiales, el n\u00famero de desaparecidos podr\u00eda ser mayor y ascender a once [&hellip;]<\/p>\n","protected":false},"author":2,"featured_media":144928,"comment_status":"open","ping_status":"open","sticky":false,"template":"","format":"standard","meta":{"footnotes":""},"categories":[6],"tags":[],"class_list":["post-144927","post","type-post","status-publish","format-standard","has-post-thumbnail","hentry","category-municipales"],"_links":{"self":[{"href":"http:\/\/elcuartopoder.com.mx\/nw\/wp-json\/wp\/v2\/posts\/144927","targetHints":{"allow":["GET"]}}],"collection":[{"href":"http:\/\/elcuartopoder.com.mx\/nw\/wp-json\/wp\/v2\/posts"}],"about":[{"href":"http:\/\/elcuartopoder.com.mx\/nw\/wp-json\/wp\/v2\/types\/post"}],"author":[{"embeddable":true,"href":"http:\/\/elcuartopoder.com.mx\/nw\/wp-json\/wp\/v2\/users\/2"}],"replies":[{"embeddable":true,"href":"http:\/\/elcuartopoder.com.mx\/nw\/wp-json\/wp\/v2\/comments?post=144927"}],"version-history":[{"count":1,"href":"http:\/\/elcuartopoder.com.mx\/nw\/wp-json\/wp\/v2\/posts\/144927\/revisions"}],"predecessor-version":[{"id":144929,"href":"http:\/\/elcuartopoder.com.mx\/nw\/wp-json\/wp\/v2\/posts\/144927\/revisions\/144929"}],"wp:featuredmedia":[{"embeddable":true,"href":"http:\/\/elcuartopoder.com.mx\/nw\/wp-json\/wp\/v2\/media\/144928"}],"wp:attachment":[{"href":"http:\/\/elcuartopoder.com.mx\/nw\/wp-json\/wp\/v2\/media?parent=144927"}],"wp:term":[{"taxonomy":"category","embeddable":true,"href":"http:\/\/elcuartopoder.com.mx\/nw\/wp-json\/wp\/v2\/categories?post=144927"},{"taxonomy":"post_tag","embeddable":true,"href":"http:\/\/elcuartopoder.com.mx\/nw\/wp-json\/wp\/v2\/tags?post=144927"}],"curies":[{"name":"wp","href":"https:\/\/api.w.org\/{rel}","templated":true}]}}