{"id":144931,"date":"2025-09-12T11:18:22","date_gmt":"2025-09-12T16:18:22","guid":{"rendered":"https:\/\/elcuartopoder.com.mx\/nw\/?p=144931"},"modified":"2025-09-12T11:18:25","modified_gmt":"2025-09-12T16:18:25","slug":"la-limpia-de-marina-se-amplia-al-aicm","status":"publish","type":"post","link":"http:\/\/elcuartopoder.com.mx\/nw\/nacionales\/la-limpia-de-marina-se-amplia-al-aicm\/","title":{"rendered":"La limpia de Marina se ampl\u00eda al AICM"},"content":{"rendered":"\n<p>Hablamos de filtros de seguridad que forman parte de los proyectos de rehabilitaci\u00f3n y modernizaci\u00f3n del principal aeropuerto del pa\u00eds, de cara a la celebraci\u00f3n de la Copa del Mundo de Futbol que se va a celebrar el a\u00f1o pr\u00f3ximo.<\/p>\n\n\n\n<p><strong>CON LA LLEGADA<\/strong>&nbsp;del actual secretario de Marina y Armada de M\u00e9xico, el almirante&nbsp;<strong>Raymundo Pedro Morales \u00c1ngeles<\/strong>, se dio un&nbsp;golpe, literalmente, de tim\u00f3n, en esa dependencia en materia de seguridad.<\/p>\n\n\n\n<figure class=\"wp-block-image\"><img decoding=\"async\" src=\"https:\/\/heraldodemexico.com.mx\/u\/fotografias\/m\/2025\/9\/11\/f768x1-1181426_1181553_5050.jpeg\" alt=\"\"\/><figcaption class=\"wp-element-caption\">Omar Garc\u00eda Harfuch y Raymundo Pedro Morales \u00c1ngeles<br>(Cr\u00e9ditos: El Heraldo de M\u00e9xico)<\/figcaption><\/figure>\n\n\n\n<p>Desde el d\u00eda uno que empez\u00f3 a comandar esa instituci\u00f3n, y no es s\u00f3lo en los puertos donde ha hecho una limpia profunda, como ya se vio en los operativos que se dieron a conocer este fin de semana.<\/p>\n\n\n\n<p>Tuvo un papel crucial en el\u00a0golpe\u00a0que, contra el\u00a0huachicol\u00a0fiscal, anunciaron la Secretar\u00eda de Seguridad P\u00fablica, de\u00a0<strong>Omar Garc\u00eda Harfuch,<\/strong>\u00a0y la Fiscal\u00eda General de la Rep\u00fablica, de\u00a0<strong>Alejandro Gertz Manero.<\/strong><\/p>\n\n\n\n<figure class=\"wp-block-image\"><img decoding=\"async\" src=\"https:\/\/heraldodemexico.com.mx\/u\/fotografias\/m\/2025\/9\/11\/f768x1-1181425_1181552_5050.jpeg\" alt=\"\"\/><figcaption class=\"wp-element-caption\">Andr\u00e9s Manuel L\u00f3pez Obrador<br>(Cr\u00e9ditos: El Heraldo de M\u00e9xico)<\/figcaption><\/figure>\n\n\n\n<p>La red operadora del contrabando, en la que los sobrinos del exsecretario de la Marina de<strong>&nbsp;Andr\u00e9s Manuel L\u00f3pez Obrador,&nbsp;<\/strong>los hermanos&nbsp;<strong>Fernando<\/strong>&nbsp;y&nbsp;<strong>Manuel Far\u00edas Lagunas,&nbsp;<\/strong>la encabezaban.<\/p>\n\n\n\n<p>Y es que la&nbsp;mano&nbsp;de&nbsp;<strong>Morales \u00c1ngeles<\/strong>&nbsp;tambi\u00e9n estuvo presente en otros lugares sensibles en materia de trasiego de drogas y armamento: las terminales a\u00e9reas y, especialmente, al Aeropuerto Internacional de la Ciudad&nbsp;de M\u00e9xico (AICM).<\/p>\n\n\n\n<p>Ah\u00ed, en coordinaci\u00f3n con su director,&nbsp;<strong>Juan Jos\u00e9 Padilla,<\/strong>&nbsp;le puso un coto a los Far\u00edas Lagunas, quienes hab\u00edan sembrado a principios de a\u00f1o a los capitanes<strong>&nbsp;Jos\u00e9 L\u00f3pez Ferra&nbsp;<\/strong>y&nbsp;<strong>Hugo Daniel Fierro.<\/strong><\/p>\n\n\n\n<figure class=\"wp-block-image\"><img decoding=\"async\" src=\"https:\/\/heraldodemexico.com.mx\/u\/fotografias\/m\/2025\/9\/11\/f768x1-1181424_1181551_5050.jpeg\" alt=\"\"\/><figcaption class=\"wp-element-caption\">Jos\u00e9 Rafael Ojeda<br>(Cr\u00e9ditos: El Heraldo de M\u00e9xico)<\/figcaption><\/figure>\n\n\n\n<p>El primero fue fugaz subdirector de Seguridad y el segundo ef\u00edmero gerente de Seguridad. Ambos estaban se\u00f1alados de liderar millonarias licitaciones para la entrega de contratos en las terminales 1 y 2.<\/p>\n\n\n\n<p>Hablamos de filtros de seguridad que forman parte de los proyectos de rehabilitaci\u00f3n y modernizaci\u00f3n del principal aeropuerto del pa\u00eds, de cara a la celebraci\u00f3n de la Copa del Mundo de Futbol que se va a celebrar el a\u00f1o pr\u00f3ximo.<\/p>\n\n\n\n<p>Es un contrato por alrededor de 300 millones de pesos que ahora mismo se encuentra en proceso, y en el que los sobrinos del ex secretario&nbsp;<strong>Jos\u00e9 Rafael Ojeda Dur\u00e1n&nbsp;<\/strong>quisieron dirigirlo.<\/p>\n\n\n\n<p>&nbsp;Esos capitanes fueron destituidos ya, como otros que se remueven en puertos y otros aeropuertos.&nbsp;<\/p>\n\n\n\n<figure class=\"wp-block-image\"><img decoding=\"async\" src=\"https:\/\/heraldodemexico.com.mx\/u\/fotografias\/m\/2025\/9\/11\/f768x1-1181420_1181547_5050.jpeg\" alt=\"\"\/><figcaption class=\"wp-element-caption\">Roc\u00edo Nahle<br>(Cr\u00e9ditos: El Heraldo de M\u00e9xico)<\/figcaption><\/figure>\n\n\n\n<p><strong>LA ADMINISTRACI\u00d3N DE Claudia Sheinbaum,&nbsp;<\/strong>en coordinaci\u00f3n con la de Veracruz, que encabeza&nbsp;<strong>Roc\u00edo Nahle,&nbsp;<\/strong>realizar\u00e1n obras de infraestructura como nunca se hab\u00eda hecho en esa entidad. Se invertir\u00e1n m\u00e1s de tres mil 400 millones de pesos en unas 100 obras, entre la red de caminos saca cosechas, escuelas y hospitales. Este a\u00f1o se construyen 19 caminos saca cosechas, estrat\u00e9gicos para productores agr\u00edcolas y ganaderos, con lo cual se fortalece la movilidad rural y la salida de cosechas. De ese total, 39 contratos corresponden a proyectos carreteros mayores, cuya meta es rehabilitar 935 kil\u00f3metros de carreteras, 645 estatales y 290 federales. De los 645 kil\u00f3metros estatales a intervenir, la mayor\u00eda conecta municipios y comunidades, mientras que los 290 kil\u00f3metros de jurisdicci\u00f3n federal ser\u00e1n atendidos directamente por la SIOP, en coordinaci\u00f3n con la Secretar\u00eda de Infraestructura, Comunicaciones y Transportes (SICT), a cargo de&nbsp;<strong>Leonardo Cornejo.&nbsp;<\/strong>Veracruz impulsa este proyecto con la finalidad de modernizar su red carretera y&nbsp;la construcci\u00f3n de infraestructura es bajo el principio de cero corrupci\u00f3n y prioridad para empresas y trabajadores veracruzanos.&nbsp;En cada proceso de licitaci\u00f3n se ha privilegiado a compa\u00f1\u00edas locales con solvencia t\u00e9cnica y econ\u00f3mica, lo que garantiza que la derrama econ\u00f3mica y la mano de obra se queden en la entidad.<\/p>\n\n\n\n<p><strong>TRAS EL ANUNCIO<\/strong>&nbsp;de la Secretar\u00eda Anticorrupci\u00f3n y Buen Gobierno,&nbsp;<strong>Raquel Buenrostro,&nbsp;<\/strong>de que el&nbsp;segundo piso&nbsp;de la 4T ir\u00e1 contra los beneficiarios de las \u201cmillonarias\u201d pensiones de Pemex, m\u00e1s de uno puso sus&nbsp;barbas a remojar. En la petrolera mexicana, que ahora dirige&nbsp;<strong>V\u00edctor Rodr\u00edguez Padilla,<\/strong>&nbsp;las&nbsp;miradas&nbsp;se dirigieron a cuatro exaltos ejecutivos que tuvieron una trayectoria destacada en los sexenios de&nbsp;<strong>Vicente Fox, Felipe Calder\u00f3n&nbsp;<\/strong>y&nbsp;<strong>Enrique Pe\u00f1a Nieto,<\/strong>&nbsp;incluso unos trataron de regresar en calidad de asesores externos en el gobierno de<strong>&nbsp;Claudia Sheinbaum.&nbsp;<\/strong>Se trata de&nbsp;<strong>Gustavo Hern\u00e1ndez, Antonio Escalera&nbsp;<\/strong>y&nbsp;<strong>Javier Hinojosa.<\/strong>&nbsp;Asimismo, las pensiones de<strong>&nbsp;Marcos Ram\u00edrez, Miguel Tame, Jos\u00e9 Luis Fong, Roberto Ram\u00edrez<\/strong>&nbsp;y<strong>&nbsp;Luis Puig,<\/strong>&nbsp;tambi\u00e9n est\u00e1n en la&nbsp;mesa. Fueron directores y subdirectores en Pemex Exploraci\u00f3n y Producci\u00f3n, Pemex Gas y Petroqu\u00edmica B\u00e1sica y Pemex Refinaci\u00f3n, principalmente.<\/p>\n\n\n\n<figure class=\"wp-block-image\"><img decoding=\"async\" src=\"https:\/\/heraldodemexico.com.mx\/u\/fotografias\/m\/2025\/9\/11\/f768x1-1181423_1181550_5050.jpeg\" alt=\"\"\/><figcaption class=\"wp-element-caption\">Raquel Buenrostro<br>(Cr\u00e9ditos: El Heraldo de M\u00e9xico)<\/figcaption><\/figure>\n\n\n\n<p><strong>LA ADQUISICI\u00d3N DE&nbsp;<\/strong>la participaci\u00f3n mayoritaria de Grupo La Mansi\u00f3n, dirigida por&nbsp;<strong>Francisco Fernandez Alonso&nbsp;<\/strong>en Eno, el concepto gastron\u00f3mico de&nbsp;<strong>Enrique Olvera,&nbsp;<\/strong>famoso sobre todo por su restaurante Pujol, es una jugada que va mucho m\u00e1s all\u00e1 de los fogones. Se trata de una alianza estrat\u00e9gica que combina la solidez operativa y el alcance de La Mansi\u00f3n con la creatividad y prestigio global del Grupo Olvera, para posicionar a nuestro pa\u00eds como potencia gastron\u00f3mica. En la antesala del Mundial FIFA 2026, esta integraci\u00f3n no s\u00f3lo fortalece al sector, sino que prepara el terreno para dise\u00f1ar experiencias culinarias de alto nivel que atraigan visitantes y proyecten la marca pa\u00eds en uno de los escaparates m\u00e1s importantes del mundo. Se posiciona como una apuesta inteligente que suma&nbsp;m\u00fasculo&nbsp;empresarial, innovaci\u00f3n y ambici\u00f3n global, algo que no siempre se ve en el mundo gastron\u00f3mico.&nbsp;<\/p>\n\n\n\n<figure class=\"wp-block-image\"><img decoding=\"async\" src=\"https:\/\/heraldodemexico.com.mx\/u\/fotografias\/m\/2025\/9\/11\/f768x1-1181421_1181548_5050.jpeg\" alt=\"\"\/><figcaption class=\"wp-element-caption\">Francisco Fernandez<br>(Cr\u00e9ditos: El Heraldo de M\u00e9xico)<\/figcaption><\/figure>\n\n\n\n<p><strong>TOTAL PLAY TELECOMUNICACIONES,&nbsp;<\/strong>que dirige<strong>&nbsp;Eduardo Kuri,&nbsp;<\/strong>anunci\u00f3 que emiti\u00f3 Certificados Burs\u00e1tiles (Cebures) por tres mil millones de pesos, a mil 93 d\u00edas y tasa de inter\u00e9s de TIIE + 320 puntos base. Los recursos de la colocaci\u00f3n se utilizar\u00e1n para amortizar emisiones previas de Cebures, as\u00ed como para fortalecer el capital de trabajo de la compa\u00f1\u00eda y otros usos corporativos. La emisi\u00f3n representa un voto de confianza de la comunidad financiera en la creciente generaci\u00f3n de efectivo de Total Play, en la solidez financiera de la compa\u00f1\u00eda y en las favorables perspectivas del negocio.<\/p>\n\n\n\n<figure class=\"wp-block-image\"><img decoding=\"async\" src=\"https:\/\/heraldodemexico.com.mx\/u\/fotografias\/m\/2025\/9\/11\/f768x1-1181422_1181549_5050.jpeg\" alt=\"\"\/><figcaption class=\"wp-element-caption\">Eduardo Kuri<br>(Cr\u00e9ditos: El Heraldo de M\u00e9xico)<\/figcaption><\/figure>\n\n\n\n<p><strong>EL GOBIERNO DE Donald Trump&nbsp;<\/strong>firm\u00f3 un permiso para la construcci\u00f3n de dos nuevos puentes de carga de cuatro carriles para facilitar e incentivar el intercambio comercial con M\u00e9xico, a trav\u00e9s de Nuevo Le\u00f3n, que encabeza&nbsp;<strong>Samuel Garc\u00eda.&nbsp;<\/strong>La administraci\u00f3n del emecista proyecta, adem\u00e1s, una inversi\u00f3n de casi 400 millones de pesos para modernizar 6.4 kil\u00f3metros del Puerto Fronterizo Colombia y destinar\u00e1 m\u00e1s de 87 millones de pesos adicionales para ampliar tramos carreteros que facilitan el tr\u00e1nsito hacia esa aduana, por la que hay hasta cinco mil cruces diarios de exportaci\u00f3n con casi dos millones de usuarios cada a\u00f1o.<\/p>\n\n\n\n<figure class=\"wp-block-image\"><img decoding=\"async\" src=\"https:\/\/heraldodemexico.com.mx\/u\/fotografias\/m\/2025\/9\/11\/f768x1-1181427_1181554_5050.jpeg\" alt=\"\"\/><figcaption class=\"wp-element-caption\">Samuel Garc\u00eda<br>(Cr\u00e9ditos: El Heraldo de M\u00e9xico)<\/figcaption><\/figure>\n\n\n\n<p>Fuente: Heraldo de M\u00e9xico \/ DAR\u00cdO CELIS ESTRADA\u00a0 \u00a0 \u00a0 \u00a0 \u00a0\u00a0<\/p>\n","protected":false},"excerpt":{"rendered":"<p>Hablamos de filtros de seguridad que forman parte de los proyectos de rehabilitaci\u00f3n y modernizaci\u00f3n del principal aeropuerto del pa\u00eds, de cara a la celebraci\u00f3n de la Copa del Mundo de Futbol que se va a celebrar el a\u00f1o pr\u00f3ximo. CON LA LLEGADA&nbsp;del actual secretario de Marina y Armada de M\u00e9xico, el almirante&nbsp;Raymundo Pedro Morales [&hellip;]<\/p>\n","protected":false},"author":2,"featured_media":144932,"comment_status":"open","ping_status":"open","sticky":false,"template":"","format":"standard","meta":{"footnotes":""},"categories":[55],"tags":[],"class_list":["post-144931","post","type-post","status-publish","format-standard","has-post-thumbnail","hentry","category-nacionales"],"_links":{"self":[{"href":"http:\/\/elcuartopoder.com.mx\/nw\/wp-json\/wp\/v2\/posts\/144931","targetHints":{"allow":["GET"]}}],"collection":[{"href":"http:\/\/elcuartopoder.com.mx\/nw\/wp-json\/wp\/v2\/posts"}],"about":[{"href":"http:\/\/elcuartopoder.com.mx\/nw\/wp-json\/wp\/v2\/types\/post"}],"author":[{"embeddable":true,"href":"http:\/\/elcuartopoder.com.mx\/nw\/wp-json\/wp\/v2\/users\/2"}],"replies":[{"embeddable":true,"href":"http:\/\/elcuartopoder.com.mx\/nw\/wp-json\/wp\/v2\/comments?post=144931"}],"version-history":[{"count":1,"href":"http:\/\/elcuartopoder.com.mx\/nw\/wp-json\/wp\/v2\/posts\/144931\/revisions"}],"predecessor-version":[{"id":144933,"href":"http:\/\/elcuartopoder.com.mx\/nw\/wp-json\/wp\/v2\/posts\/144931\/revisions\/144933"}],"wp:featuredmedia":[{"embeddable":true,"href":"http:\/\/elcuartopoder.com.mx\/nw\/wp-json\/wp\/v2\/media\/144932"}],"wp:attachment":[{"href":"http:\/\/elcuartopoder.com.mx\/nw\/wp-json\/wp\/v2\/media?parent=144931"}],"wp:term":[{"taxonomy":"category","embeddable":true,"href":"http:\/\/elcuartopoder.com.mx\/nw\/wp-json\/wp\/v2\/categories?post=144931"},{"taxonomy":"post_tag","embeddable":true,"href":"http:\/\/elcuartopoder.com.mx\/nw\/wp-json\/wp\/v2\/tags?post=144931"}],"curies":[{"name":"wp","href":"https:\/\/api.w.org\/{rel}","templated":true}]}}