{"id":144934,"date":"2025-09-12T11:21:44","date_gmt":"2025-09-12T16:21:44","guid":{"rendered":"https:\/\/elcuartopoder.com.mx\/nw\/?p=144934"},"modified":"2025-09-12T11:21:47","modified_gmt":"2025-09-12T16:21:47","slug":"cuautla-cuando-la-iglesia-toma-las-calles","status":"publish","type":"post","link":"http:\/\/elcuartopoder.com.mx\/nw\/editorial\/cuautla-cuando-la-iglesia-toma-las-calles\/","title":{"rendered":"Cuautla: cuando la Iglesia toma las calles"},"content":{"rendered":"\n<p>El vicario general,\u00a0Tom\u00e1s Toral N\u00e1jera, explic\u00f3 que esta acci\u00f3n busca acompa\u00f1ar a las v\u00edctimas de\u00a0homicidios, extorsiones y cobros de piso.<\/p>\n\n\n\n<p>El repique de campanas ser\u00e1 la se\u00f1al de partida: miles caminar\u00e1n en silencio por la paz en Cuautla, en medio de la crisis de&nbsp;<strong>violencia&nbsp;<\/strong>que azota a varios municipios de Morelos. La&nbsp;<strong>Di\u00f3cesis de Cuernavaca&nbsp;<\/strong>convoc\u00f3 a la primera&nbsp;<strong>Caminata por la Paz&nbsp;<\/strong>en Cuautla, programada para el s\u00e1bado&nbsp;<strong>13 de septiembre<\/strong>. La marcha partir\u00e1 de la<strong>&nbsp;parroquia de Santa Ana<\/strong>, en Cuauht\u00e9moc, y llegar\u00e1 hasta la<strong>&nbsp;Unidad Deportiva<\/strong>,&nbsp;donde el&nbsp;<strong>obispo Ram\u00f3n Castro Castro<\/strong>, presidente de la Conferencia del Episcopado Mexicano, dirigir\u00e1 un mensaje a la comunidad.<\/p>\n\n\n\n<p>El vicario general,&nbsp;<strong>Tom\u00e1s Toral N\u00e1jera<\/strong>, explic\u00f3 que esta acci\u00f3n busca acompa\u00f1ar a las v\u00edctimas de<strong>&nbsp;homicidios, extorsiones y cobros de piso.&nbsp;<\/strong>\u201cQueremos ser un signo de luz en medio de las tinieblas\u201d, dijo. La convocatoria es abierta a todos los ciudadanos para convertirse en constructores de paz.<\/p>\n\n\n\n<p>La caminata est\u00e1 organizada por la Vicar\u00eda de San Mateo, con sede en Cuautla, la m\u00e1s grande de las cuatro que conforman la di\u00f3cesis, integrada por alrededor de 40 parroquias. Se espera una participaci\u00f3n nutrida, aunque los organizadores calculan que alcanzar\u00e1 una tercera parte de la asistencia registrada en Cuernavaca.<\/p>\n\n\n\n<p>Lo que distingue esta iniciativa es que surge del clamor ciudadano frente a una cruel realidad: la violencia super\u00f3 la capacidad -y en muchos casos, la voluntad- de las autoridades.<\/p>\n\n\n\n<p>Seg\u00fan cifras del Secretariado Ejecutivo del Sistema Nacional de Seguridad P\u00fablica,&nbsp;<strong>Cuautla&nbsp;<\/strong>ocupa los primeros lugares en extorsiones, un delito que<strong>&nbsp;asfixia a comerciantes, transportistas y familias enteras.<\/strong>&nbsp;La gente vive con&nbsp;<strong>miedo&nbsp;<\/strong>y, ante el silencio oficial, fue la Iglesia la que decidi\u00f3 alzar la voz.<\/p>\n\n\n\n<p>Cuando un gobierno no garantiza la seguridad, la sociedad busca su propio camino, aunque sea desde la fe.<\/p>\n\n\n\n<p>El 13 de septiembre, Cuautla ser\u00e1 escenario de una procesi\u00f3n que no es religiosa, sino profundamente pol\u00edtica: la marcha de una comunidad que ya no conf\u00eda en sus instituciones y que se aferra a caminar unida para no rendirse ante la violencia.<\/p>\n\n\n\n<p>El gobierno municipal est\u00e1 ausente, la&nbsp;<strong>FGR&nbsp;<\/strong>investiga a su alcalde<strong>&nbsp;Jes\u00fas Corona Dami\u00e1n<\/strong>&nbsp;por presuntos v\u00ednculos con el crimen organizado y la gobernadora&nbsp;<strong>Margarita Saravia&nbsp;<\/strong>se mantiene al margen, sin garantizar la seguridad que urge en Cuautla y en otros municipios de un estado rebasado por la violencia.<\/p>\n\n\n\n<p>La Caminata por la Paz en Cuautla ser\u00e1 mucho m\u00e1s que un acto simb\u00f3lico: la ciudadan\u00eda y la Iglesia tuvieron que salir a ocupar el espacio que el Estado abandon\u00f3. Ser\u00e1 el retrato de un Morelos con un gobierno ausente, municipios coludidos y una sociedad que enfrenta sola la&nbsp;<strong>violencia<\/strong>.<\/p>\n\n\n\n<p>**<\/p>\n\n\n\n<p><strong>EL GRITO BAJO AMENAZA.<\/strong>&nbsp;El pr\u00f3ximo lunes&nbsp;<strong>15 de septiembre,<\/strong>&nbsp;durante la noche del Grito, alcaldes y gobernadores de distintas entidades tendr\u00e1n su&nbsp;<strong>prueba de fuego<\/strong>&nbsp;-literal- frente a los \u00edndices de inseguridad que los aquejan.<\/p>\n\n\n\n<p>El primero en ceder fue&nbsp;<strong>Juan Pablo G\u00f3mez Mendoza, alcalde de Coxquihui,&nbsp;Veracruz<\/strong>,&nbsp;quien anunci\u00f3 la cancelaci\u00f3n de la ceremonia y del desfile c\u00edvico del d\u00eda 16. \u201cSu servidor trata de velar por la integridad de los ciudadanos y alumnos; cr\u00edticas vendr\u00e1n, pero se prefiere eso a un hecho lamentable\u201d, inform\u00f3 a sus gobernados a trav\u00e9s de redes sociales. Y raz\u00f3n no le falta: bien sabe c\u00f3mo est\u00e1 el norte de la entidad gobernada por&nbsp;<strong>Roc\u00edo Nahle.<\/strong><\/p>\n\n\n\n<p>La reacci\u00f3n no tard\u00f3. Ayer, a plena luz del d\u00eda,&nbsp;<strong>la casa del alcalde fue atacada con drones.<\/strong>&nbsp;Lo m\u00e1s grave fue que en las inmediaciones hab\u00eda una escuela.<\/p>\n\n\n\n<p>Lo ocurrido en&nbsp;<strong>Coxquihui&nbsp;<\/strong>podr\u00eda ser apenas el inicio. En el este, noreste y sureste del pa\u00eds no se descarta que, en los pr\u00f3ximos d\u00edas, m\u00e1s municipios anuncien la suspensi\u00f3n de los festejos patrios.<\/p>\n\n\n\n<p>No ser\u00eda la primera vez. En 2024, cerca de&nbsp;<strong>30 municipios se quedaron sin noche mexicana,<\/strong>&nbsp;y basta recordar lo sucedido en 2008, en Morelia, Michoac\u00e1n, cuando las fiestas patrias fueron interrumpidas por el estallido de un&nbsp;<strong>artefacto explosivo.<\/strong><\/p>\n\n\n\n<p>Fuente: Heraldo de M\u00e9xico<\/p>\n","protected":false},"excerpt":{"rendered":"<p>El vicario general,\u00a0Tom\u00e1s Toral N\u00e1jera, explic\u00f3 que esta acci\u00f3n busca acompa\u00f1ar a las v\u00edctimas de\u00a0homicidios, extorsiones y cobros de piso. El repique de campanas ser\u00e1 la se\u00f1al de partida: miles caminar\u00e1n en silencio por la paz en Cuautla, en medio de la crisis de&nbsp;violencia&nbsp;que azota a varios municipios de Morelos. La&nbsp;Di\u00f3cesis de Cuernavaca&nbsp;convoc\u00f3 a la [&hellip;]<\/p>\n","protected":false},"author":2,"featured_media":144935,"comment_status":"open","ping_status":"open","sticky":false,"template":"","format":"standard","meta":{"footnotes":""},"categories":[63],"tags":[],"class_list":["post-144934","post","type-post","status-publish","format-standard","has-post-thumbnail","hentry","category-editorial"],"_links":{"self":[{"href":"http:\/\/elcuartopoder.com.mx\/nw\/wp-json\/wp\/v2\/posts\/144934","targetHints":{"allow":["GET"]}}],"collection":[{"href":"http:\/\/elcuartopoder.com.mx\/nw\/wp-json\/wp\/v2\/posts"}],"about":[{"href":"http:\/\/elcuartopoder.com.mx\/nw\/wp-json\/wp\/v2\/types\/post"}],"author":[{"embeddable":true,"href":"http:\/\/elcuartopoder.com.mx\/nw\/wp-json\/wp\/v2\/users\/2"}],"replies":[{"embeddable":true,"href":"http:\/\/elcuartopoder.com.mx\/nw\/wp-json\/wp\/v2\/comments?post=144934"}],"version-history":[{"count":1,"href":"http:\/\/elcuartopoder.com.mx\/nw\/wp-json\/wp\/v2\/posts\/144934\/revisions"}],"predecessor-version":[{"id":144936,"href":"http:\/\/elcuartopoder.com.mx\/nw\/wp-json\/wp\/v2\/posts\/144934\/revisions\/144936"}],"wp:featuredmedia":[{"embeddable":true,"href":"http:\/\/elcuartopoder.com.mx\/nw\/wp-json\/wp\/v2\/media\/144935"}],"wp:attachment":[{"href":"http:\/\/elcuartopoder.com.mx\/nw\/wp-json\/wp\/v2\/media?parent=144934"}],"wp:term":[{"taxonomy":"category","embeddable":true,"href":"http:\/\/elcuartopoder.com.mx\/nw\/wp-json\/wp\/v2\/categories?post=144934"},{"taxonomy":"post_tag","embeddable":true,"href":"http:\/\/elcuartopoder.com.mx\/nw\/wp-json\/wp\/v2\/tags?post=144934"}],"curies":[{"name":"wp","href":"https:\/\/api.w.org\/{rel}","templated":true}]}}