{"id":144943,"date":"2025-09-12T13:24:50","date_gmt":"2025-09-12T18:24:50","guid":{"rendered":"https:\/\/elcuartopoder.com.mx\/nw\/?p=144943"},"modified":"2025-09-12T13:24:51","modified_gmt":"2025-09-12T18:24:51","slug":"frenan-inhabilitacion-de-laura-fernandez-pina-excandidata-a-la-gubernatura-por-quintana-roo","status":"publish","type":"post","link":"http:\/\/elcuartopoder.com.mx\/nw\/destacadas\/frenan-inhabilitacion-de-laura-fernandez-pina-excandidata-a-la-gubernatura-por-quintana-roo\/","title":{"rendered":"Frenan inhabilitaci\u00f3n de Laura Fern\u00e1ndez Pi\u00f1a, excandidata a la gubernatura por Quintana Roo"},"content":{"rendered":"\n<p><strong>Magistrados federales con residencia en Canc\u00fan determinaron suspender de manera temporal la inhabilitaci\u00f3n que pesaba sobre Fern\u00e1ndez Pi\u00f1a, impuesta por la Cuarta Sala del Tribunal de Justicia Administrativa y Anticorrupci\u00f3n de Quintana Roo.<\/strong><\/p>\n\n\n\n<p>CANC\u00daN, Q. Roo (apro).- Laura Fern\u00e1ndez Pi\u00f1a, excandidata a la gubernatura de Quintana Roo por el PAN-PRD, logr\u00f3 dar rev\u00e9s a una inhabilitaci\u00f3n de 20 a\u00f1os como servidora p\u00fablica, sanci\u00f3n impuesta dos a\u00f1os despu\u00e9s de haber perdido las elecciones frente a la actual gobernadora, la morenista Mara Lezama Espinosa.<\/p>\n\n\n\n<p>Magistrados federales con residencia en Canc\u00fan determinaron suspender de manera temporal la inhabilitaci\u00f3n que pesaba sobre Fern\u00e1ndez Pi\u00f1a, impuesta por la Cuarta Sala del Tribunal de Justicia Administrativa y Anticorrupci\u00f3n de Quintana Roo.<\/p>\n\n\n\n<p>La excandidata tambi\u00e9n fue alcaldesa del municipio de Puerto Morelos de 2016 al 2021. Se le atribuy\u00f3 que siendo edil no vigil\u00f3 la correcta retenci\u00f3n de m\u00e1s de 78 millones de pesos que trabajadores municipales aportaron como cuotas de seguridad social para el retiro, correspondiente a los a\u00f1os 2020 y 2021.<\/p>\n\n\n\n<p>En febrero de 2024, el ayuntamiento de Puerto Morelos, af\u00edn a Morena con Blanca Merari como presidenta municipal, inici\u00f3 un procedimiento de responsabilidad administrativa.&nbsp;<\/p>\n\n\n\n<p>Como resultado, la Cuarta Sala fall\u00f3 en mayo del mismo a\u00f1o y se le impuso a Fern\u00e1ndez Pi\u00f1a una inhabilitaci\u00f3n con vigencia hasta abril de 2044.<\/p>\n\n\n\n<p>Luego de la notificaci\u00f3n del castigo, en los siguientes meses, de acuerdo con expedientes judiciales consultados por Proceso, la excandidata solicit\u00f3 de manera infructuosa diversos amparos, algunos contra \u00f3rdenes de aprehensi\u00f3n.<\/p>\n\n\n\n<p>Fue hasta principios de este mes, cuando el Juzgado Octavo de Distrito de Canc\u00fan se vio obligado a resolver una solicitud de amparo de la quejosa, aunque determin\u00f3 no suspender la inhabilitaci\u00f3n. Inconforme, la excandidata apel\u00f3 con un recurso de queja.&nbsp;<\/p>\n\n\n\n<p>Finalmente, el&nbsp;jueves 11 magistrados del Segundo Tribunal Colegiado de Circuito declararon fundada la impugnaci\u00f3n y ordenaron borrar el nombre de Laura Fern\u00e1ndez Pi\u00f1a del Sistema de Personas Servidoras P\u00fablicas Sancionadas.<\/p>\n\n\n\n<p>En la resoluci\u00f3n de queja consultada, se lee que el procedimiento de inhabilitaci\u00f3n a\u00fan no es definitivo; sin embargo, afecta ya la imagen de la exalcaldesa de Puerto Morelos.<\/p>\n\n\n\n<p>Los magistrados aclararon que la suspensi\u00f3n por el momento es temporal, la cual deber\u00e1 ser ratificada el pr\u00f3ximo 29 de septiembre en una audiencia incidental dentro del juicio de amparo promovido.<\/p>\n\n\n\n<p>Hasta ahora, la excandidata no ha hecho ning\u00fan pronunciamiento p\u00fablico.<\/p>\n\n\n\n<p>Laura Fern\u00e1ndez Pi\u00f1a en 2022 fue candidata a la gubernatura por la coalici\u00f3n Va por Quintana Roo, integrada por el PAN-PRD. Qued\u00f3 en segundo lugar en la contienda electoral que gan\u00f3 Mara Lezama, actual gobernadora de esta entidad.<\/p>\n\n\n\n<p>Fuente: proceso<\/p>\n","protected":false},"excerpt":{"rendered":"<p>Magistrados federales con residencia en Canc\u00fan determinaron suspender de manera temporal la inhabilitaci\u00f3n que pesaba sobre Fern\u00e1ndez Pi\u00f1a, impuesta por la Cuarta Sala del Tribunal de Justicia Administrativa y Anticorrupci\u00f3n de Quintana Roo. CANC\u00daN, Q. Roo (apro).- Laura Fern\u00e1ndez Pi\u00f1a, excandidata a la gubernatura de Quintana Roo por el PAN-PRD, logr\u00f3 dar rev\u00e9s a una [&hellip;]<\/p>\n","protected":false},"author":2,"featured_media":144944,"comment_status":"open","ping_status":"open","sticky":false,"template":"","format":"standard","meta":{"footnotes":""},"categories":[59],"tags":[],"class_list":["post-144943","post","type-post","status-publish","format-standard","has-post-thumbnail","hentry","category-destacadas"],"_links":{"self":[{"href":"http:\/\/elcuartopoder.com.mx\/nw\/wp-json\/wp\/v2\/posts\/144943","targetHints":{"allow":["GET"]}}],"collection":[{"href":"http:\/\/elcuartopoder.com.mx\/nw\/wp-json\/wp\/v2\/posts"}],"about":[{"href":"http:\/\/elcuartopoder.com.mx\/nw\/wp-json\/wp\/v2\/types\/post"}],"author":[{"embeddable":true,"href":"http:\/\/elcuartopoder.com.mx\/nw\/wp-json\/wp\/v2\/users\/2"}],"replies":[{"embeddable":true,"href":"http:\/\/elcuartopoder.com.mx\/nw\/wp-json\/wp\/v2\/comments?post=144943"}],"version-history":[{"count":1,"href":"http:\/\/elcuartopoder.com.mx\/nw\/wp-json\/wp\/v2\/posts\/144943\/revisions"}],"predecessor-version":[{"id":144945,"href":"http:\/\/elcuartopoder.com.mx\/nw\/wp-json\/wp\/v2\/posts\/144943\/revisions\/144945"}],"wp:featuredmedia":[{"embeddable":true,"href":"http:\/\/elcuartopoder.com.mx\/nw\/wp-json\/wp\/v2\/media\/144944"}],"wp:attachment":[{"href":"http:\/\/elcuartopoder.com.mx\/nw\/wp-json\/wp\/v2\/media?parent=144943"}],"wp:term":[{"taxonomy":"category","embeddable":true,"href":"http:\/\/elcuartopoder.com.mx\/nw\/wp-json\/wp\/v2\/categories?post=144943"},{"taxonomy":"post_tag","embeddable":true,"href":"http:\/\/elcuartopoder.com.mx\/nw\/wp-json\/wp\/v2\/tags?post=144943"}],"curies":[{"name":"wp","href":"https:\/\/api.w.org\/{rel}","templated":true}]}}