{"id":144949,"date":"2025-09-12T14:29:53","date_gmt":"2025-09-12T19:29:53","guid":{"rendered":"https:\/\/elcuartopoder.com.mx\/nw\/?p=144949"},"modified":"2025-09-12T14:29:54","modified_gmt":"2025-09-12T19:29:54","slug":"martha-lidia-perez-nueva-titular-de-comision-nacional-de-busqueda","status":"publish","type":"post","link":"http:\/\/elcuartopoder.com.mx\/nw\/politica\/martha-lidia-perez-nueva-titular-de-comision-nacional-de-busqueda\/","title":{"rendered":"Martha Lidia P\u00e9rez, nueva titular de Comisi\u00f3n Nacional de B\u00fasqueda"},"content":{"rendered":"\n<p><em>Ciudad de M\u00e9xico.&nbsp;<\/em>La Secretar\u00eda de Gobernaci\u00f3n anunci\u00f3 este jueves que la nueva titular de la Comisi\u00f3n Nacional de B\u00fasqueda de Personas Desaparecidas (CNB); ser\u00e1 la abogada veracruzana Martha Lidia P\u00e9rez Gumercindo, luego de que la presidenta Claudia Sheinbaum Pardo tom\u00f3 la decisi\u00f3n de entre un listado final de perfiles.&nbsp;<\/p>\n\n\n\n<p>Entre su trayectoria, ha ocupado la titularidad de la Fiscal\u00eda Especializada en Investigaci\u00f3n de los Delitos de Desaparici\u00f3n Forzada de la Fiscal\u00eda General de la Rep\u00fablica; y fue titular de la Fiscal\u00eda Especial en Investigaci\u00f3n de Delitos de Desaparici\u00f3n Forzada, Fiscal supervisora y fiscal Especializada para la Atenci\u00f3n de Denuncias por Personas Desaparecidas en el estado de Veracruz, entre otros cargos.&nbsp;<\/p>\n\n\n\n<p>La Secretaria de Gobernaci\u00f3n, Rosa Icela Rodr\u00edguez, sostuvo en conferencia de prensa que este proceso \u201cno fue pol\u00edtico\u201d, sino de conocimiento de los temas en esta materia, y expuso: \u201cNo estamos de acuerdo que haya una curva de aprendizaje, necesitamos abatir los tiempos\u201d.&nbsp;<\/p>\n\n\n\n<p>El subsecretario de Derechos Humanos, Poblaci\u00f3n y Migraci\u00f3n, Arturo Medina, quien hizo el anuncio, detall\u00f3 que como parte del proceso para definir la titularidad de la CNB, se postularon a 76 perfiles, de los cuales 27 cumplieron con los requisitos, pero s\u00f3lo 25 personas fueron entrevistadas.&nbsp;<\/p>\n\n\n\n<p>Tras ello, la dependencia federal present\u00f3 un listado de cinco personas, de entre quienes la presidenta Sheinbaum Pardo defini\u00f3 ayer que P\u00e9rez Gumercindo ser\u00e1 quien ocupe este cargo.<\/p>\n\n\n\n<p>Fuente: la jornada<\/p>\n","protected":false},"excerpt":{"rendered":"<p>Ciudad de M\u00e9xico.&nbsp;La Secretar\u00eda de Gobernaci\u00f3n anunci\u00f3 este jueves que la nueva titular de la Comisi\u00f3n Nacional de B\u00fasqueda de Personas Desaparecidas (CNB); ser\u00e1 la abogada veracruzana Martha Lidia P\u00e9rez Gumercindo, luego de que la presidenta Claudia Sheinbaum Pardo tom\u00f3 la decisi\u00f3n de entre un listado final de perfiles.&nbsp; Entre su trayectoria, ha ocupado la [&hellip;]<\/p>\n","protected":false},"author":2,"featured_media":144950,"comment_status":"open","ping_status":"open","sticky":false,"template":"","format":"standard","meta":{"footnotes":""},"categories":[61],"tags":[],"class_list":["post-144949","post","type-post","status-publish","format-standard","has-post-thumbnail","hentry","category-politica"],"_links":{"self":[{"href":"http:\/\/elcuartopoder.com.mx\/nw\/wp-json\/wp\/v2\/posts\/144949","targetHints":{"allow":["GET"]}}],"collection":[{"href":"http:\/\/elcuartopoder.com.mx\/nw\/wp-json\/wp\/v2\/posts"}],"about":[{"href":"http:\/\/elcuartopoder.com.mx\/nw\/wp-json\/wp\/v2\/types\/post"}],"author":[{"embeddable":true,"href":"http:\/\/elcuartopoder.com.mx\/nw\/wp-json\/wp\/v2\/users\/2"}],"replies":[{"embeddable":true,"href":"http:\/\/elcuartopoder.com.mx\/nw\/wp-json\/wp\/v2\/comments?post=144949"}],"version-history":[{"count":1,"href":"http:\/\/elcuartopoder.com.mx\/nw\/wp-json\/wp\/v2\/posts\/144949\/revisions"}],"predecessor-version":[{"id":144951,"href":"http:\/\/elcuartopoder.com.mx\/nw\/wp-json\/wp\/v2\/posts\/144949\/revisions\/144951"}],"wp:featuredmedia":[{"embeddable":true,"href":"http:\/\/elcuartopoder.com.mx\/nw\/wp-json\/wp\/v2\/media\/144950"}],"wp:attachment":[{"href":"http:\/\/elcuartopoder.com.mx\/nw\/wp-json\/wp\/v2\/media?parent=144949"}],"wp:term":[{"taxonomy":"category","embeddable":true,"href":"http:\/\/elcuartopoder.com.mx\/nw\/wp-json\/wp\/v2\/categories?post=144949"},{"taxonomy":"post_tag","embeddable":true,"href":"http:\/\/elcuartopoder.com.mx\/nw\/wp-json\/wp\/v2\/tags?post=144949"}],"curies":[{"name":"wp","href":"https:\/\/api.w.org\/{rel}","templated":true}]}}