{"id":144952,"date":"2025-09-12T14:31:28","date_gmt":"2025-09-12T19:31:28","guid":{"rendered":"https:\/\/elcuartopoder.com.mx\/nw\/?p=144952"},"modified":"2025-09-12T14:31:29","modified_gmt":"2025-09-12T19:31:29","slug":"mas-de-1-5-millones-de-personas-registradas-para-comprar-boletos-del-mundial-2026","status":"publish","type":"post","link":"http:\/\/elcuartopoder.com.mx\/nw\/entretenimiento\/deportes\/mas-de-1-5-millones-de-personas-registradas-para-comprar-boletos-del-mundial-2026\/","title":{"rendered":"M\u00e1s de 1.5 millones de personas registradas para comprar boletos del Mundial 2026"},"content":{"rendered":"\n<p><em>Ciudad de M\u00e9xico.&nbsp;<\/em>La FIFA inform\u00f3 este jueves que apenas 24 horas despu\u00e9s del inicio del periodo de inscripci\u00f3n para el sorteo de preventa de Visa del Mundial de 2026 recibi\u00f3 1.5 millones de solicitudes de aficionados de 210 pa\u00edses inscritos.&nbsp;<\/p>\n\n\n\n<p>Indic\u00f3 adem\u00e1s que la mayor demanda proviene de los pa\u00edses anfitriones (M\u00e9xico, Estados Unidos y Canad\u00e1), as\u00ed como de Argentina, Colombia, Brasil, Inglaterra, Espa\u00f1a, Portugal y Alemania.&nbsp;<\/p>\n\n\n\n<p>\u00abLa gran cantidad de inscripciones presentadas es un testimonio de la enorme cantidad de entusiasmo generado en todo el mundo por la Copa Mundial de la FIFA 26 y hasta qu\u00e9 punto se convertir\u00e1 en un punto de inflexi\u00f3n en la historia del futbol\u00bb, dijo el Director de Operaciones de la Copa Mundial de la FIFA 26, Heimo Schirgi, en un comunicado de prensa publicado por la FIFA.<\/p>\n\n\n\n<p>La inscripci\u00f3n al torneo terminar\u00e1 el pr\u00f3ximo 19 de septiembre, y tras un proceso de selecci\u00f3n aleatorio, los seleccionados recibir\u00e1n una notificaci\u00f3n por correo electr\u00f3nico a partir del 29 de septiembre, donde se les indicar\u00e1 la fecha y hora para comprar entradas.&nbsp;<\/p>\n\n\n\n<p>Los aficionados podr\u00e1n conseguir entradas para la fase de grupos desde tan solo mil 110 pesos (60 d\u00f3lares) al inicio de la venta.&nbsp;<\/p>\n\n\n\n<p>Las siguientes fases de venta de entradas comenzar\u00e1n en octubre.<\/p>\n\n\n\n<p>Fuente: la jornada<\/p>\n","protected":false},"excerpt":{"rendered":"<p>Ciudad de M\u00e9xico.&nbsp;La FIFA inform\u00f3 este jueves que apenas 24 horas despu\u00e9s del inicio del periodo de inscripci\u00f3n para el sorteo de preventa de Visa del Mundial de 2026 recibi\u00f3 1.5 millones de solicitudes de aficionados de 210 pa\u00edses inscritos.&nbsp; Indic\u00f3 adem\u00e1s que la mayor demanda proviene de los pa\u00edses anfitriones (M\u00e9xico, Estados Unidos y [&hellip;]<\/p>\n","protected":false},"author":2,"featured_media":144953,"comment_status":"open","ping_status":"open","sticky":false,"template":"","format":"standard","meta":{"footnotes":""},"categories":[7],"tags":[],"class_list":["post-144952","post","type-post","status-publish","format-standard","has-post-thumbnail","hentry","category-deportes"],"_links":{"self":[{"href":"http:\/\/elcuartopoder.com.mx\/nw\/wp-json\/wp\/v2\/posts\/144952","targetHints":{"allow":["GET"]}}],"collection":[{"href":"http:\/\/elcuartopoder.com.mx\/nw\/wp-json\/wp\/v2\/posts"}],"about":[{"href":"http:\/\/elcuartopoder.com.mx\/nw\/wp-json\/wp\/v2\/types\/post"}],"author":[{"embeddable":true,"href":"http:\/\/elcuartopoder.com.mx\/nw\/wp-json\/wp\/v2\/users\/2"}],"replies":[{"embeddable":true,"href":"http:\/\/elcuartopoder.com.mx\/nw\/wp-json\/wp\/v2\/comments?post=144952"}],"version-history":[{"count":1,"href":"http:\/\/elcuartopoder.com.mx\/nw\/wp-json\/wp\/v2\/posts\/144952\/revisions"}],"predecessor-version":[{"id":144954,"href":"http:\/\/elcuartopoder.com.mx\/nw\/wp-json\/wp\/v2\/posts\/144952\/revisions\/144954"}],"wp:featuredmedia":[{"embeddable":true,"href":"http:\/\/elcuartopoder.com.mx\/nw\/wp-json\/wp\/v2\/media\/144953"}],"wp:attachment":[{"href":"http:\/\/elcuartopoder.com.mx\/nw\/wp-json\/wp\/v2\/media?parent=144952"}],"wp:term":[{"taxonomy":"category","embeddable":true,"href":"http:\/\/elcuartopoder.com.mx\/nw\/wp-json\/wp\/v2\/categories?post=144952"},{"taxonomy":"post_tag","embeddable":true,"href":"http:\/\/elcuartopoder.com.mx\/nw\/wp-json\/wp\/v2\/tags?post=144952"}],"curies":[{"name":"wp","href":"https:\/\/api.w.org\/{rel}","templated":true}]}}