{"id":144970,"date":"2025-09-12T16:04:02","date_gmt":"2025-09-12T21:04:02","guid":{"rendered":"https:\/\/elcuartopoder.com.mx\/nw\/?p=144970"},"modified":"2025-09-12T16:04:04","modified_gmt":"2025-09-12T21:04:04","slug":"ejecutan-a-sobrino-del-alcalde-de-lazaro-cardenas-en-vispera-de-su-informe-de-gobierno","status":"publish","type":"post","link":"http:\/\/elcuartopoder.com.mx\/nw\/estatales\/ejecutan-a-sobrino-del-alcalde-de-lazaro-cardenas-en-vispera-de-su-informe-de-gobierno\/","title":{"rendered":"Ejecutan a sobrino del alcalde de L\u00e1zaro C\u00e1rdenas, en v\u00edspera de su informe de gobierno"},"content":{"rendered":"\n<p>Kantunilk\u00edn, L\u00e1zaro C\u00e1rdenas, 12 de septiembre.- A unas horas de que el alcalde de L\u00e1zaro C\u00e1rdenas, Nivardo Mena Villanueva, rindiera su informe de gobierno, la violencia sin freno alcanz\u00f3 a la antes tranquila comunidad de Santa Melba, donde ayer se desat\u00f3 una balacera que dej\u00f3 a dos j\u00f3venes ejecutados, uno de ellos sobrino del mismo presidente municipal.<\/p>\n\n\n\n<p>El hecho ocurri\u00f3 ayer por la tarde, cuando las v\u00edctimas fueron perseguidas hasta ser alcanzadas por sujetos en motocicleta y ultimadas en plena zona rural.<\/p>\n\n\n\n<p>Uno de los fallecidos fue identificado como Emir P. C., de 21 a\u00f1os, y Randi M. C., de 15 a\u00f1os, originario de Holbox, sobrino de Nivardo Mena, presidente municipal de L\u00e1zaro C\u00e1rdenas quien hoy rindi\u00f3 su primer informe de gobierno.<\/p>\n\n\n\n<p>Desde hace varios meses, la poblaci\u00f3n ha denunciado un grave repunte de violencia en el municipio de L\u00e1zaro C\u00e1rdenas, pero las autoridades pretenden callarlo y aparentar que son hechos \u201caislados\u201d y que todo est\u00e1 bien.<\/p>\n\n\n\n<p>La poblaci\u00f3n de L\u00e1zaro C\u00e1rdenas ha comenzado a exigir que se atienda el problema de la violencia antes de que siga escalando.<\/p>\n\n\n\n<p>Fuente: diariocambio22<\/p>\n","protected":false},"excerpt":{"rendered":"<p>Kantunilk\u00edn, L\u00e1zaro C\u00e1rdenas, 12 de septiembre.- A unas horas de que el alcalde de L\u00e1zaro C\u00e1rdenas, Nivardo Mena Villanueva, rindiera su informe de gobierno, la violencia sin freno alcanz\u00f3 a la antes tranquila comunidad de Santa Melba, donde ayer se desat\u00f3 una balacera que dej\u00f3 a dos j\u00f3venes ejecutados, uno de ellos sobrino del mismo [&hellip;]<\/p>\n","protected":false},"author":2,"featured_media":144971,"comment_status":"open","ping_status":"open","sticky":false,"template":"","format":"standard","meta":{"footnotes":""},"categories":[60],"tags":[],"class_list":["post-144970","post","type-post","status-publish","format-standard","has-post-thumbnail","hentry","category-estatales"],"_links":{"self":[{"href":"http:\/\/elcuartopoder.com.mx\/nw\/wp-json\/wp\/v2\/posts\/144970","targetHints":{"allow":["GET"]}}],"collection":[{"href":"http:\/\/elcuartopoder.com.mx\/nw\/wp-json\/wp\/v2\/posts"}],"about":[{"href":"http:\/\/elcuartopoder.com.mx\/nw\/wp-json\/wp\/v2\/types\/post"}],"author":[{"embeddable":true,"href":"http:\/\/elcuartopoder.com.mx\/nw\/wp-json\/wp\/v2\/users\/2"}],"replies":[{"embeddable":true,"href":"http:\/\/elcuartopoder.com.mx\/nw\/wp-json\/wp\/v2\/comments?post=144970"}],"version-history":[{"count":1,"href":"http:\/\/elcuartopoder.com.mx\/nw\/wp-json\/wp\/v2\/posts\/144970\/revisions"}],"predecessor-version":[{"id":144972,"href":"http:\/\/elcuartopoder.com.mx\/nw\/wp-json\/wp\/v2\/posts\/144970\/revisions\/144972"}],"wp:featuredmedia":[{"embeddable":true,"href":"http:\/\/elcuartopoder.com.mx\/nw\/wp-json\/wp\/v2\/media\/144971"}],"wp:attachment":[{"href":"http:\/\/elcuartopoder.com.mx\/nw\/wp-json\/wp\/v2\/media?parent=144970"}],"wp:term":[{"taxonomy":"category","embeddable":true,"href":"http:\/\/elcuartopoder.com.mx\/nw\/wp-json\/wp\/v2\/categories?post=144970"},{"taxonomy":"post_tag","embeddable":true,"href":"http:\/\/elcuartopoder.com.mx\/nw\/wp-json\/wp\/v2\/tags?post=144970"}],"curies":[{"name":"wp","href":"https:\/\/api.w.org\/{rel}","templated":true}]}}