{"id":144989,"date":"2025-09-15T10:30:48","date_gmt":"2025-09-15T15:30:48","guid":{"rendered":"https:\/\/elcuartopoder.com.mx\/nw\/?p=144989"},"modified":"2025-09-15T10:30:50","modified_gmt":"2025-09-15T15:30:50","slug":"primer-ministro-de-qatar-insta-a-sancionar-a-israel-por-sus-crimenes-expulsar-a-palestinos-no-funcionara","status":"publish","type":"post","link":"http:\/\/elcuartopoder.com.mx\/nw\/internacionales\/primer-ministro-de-qatar-insta-a-sancionar-a-israel-por-sus-crimenes-expulsar-a-palestinos-no-funcionara\/","title":{"rendered":"Primer ministro de Qatar insta a sancionar a Israel por sus cr\u00edmenes; expulsar a palestinos \u00abno funcionar\u00e1\u00bb"},"content":{"rendered":"\n<p><em>Doha.-<\/em>&nbsp;El primer ministro de Qatar, Mohammed bin Abdulrahman Al Thani, inst\u00f3 este domingo a la comunidad internacional a \u00abdejar de usar el doble rasero\u00bb y sancionar a Israel por sus \u00abcr\u00edmenes\u00bb.<\/p>\n\n\n\n<p>El primer ministro habl\u00f3 en una reuni\u00f3n preparatoria en v\u00edsperas de una cumbre de emergencia de l\u00edderes \u00e1rabes e isl\u00e1micos organizada por Qatar despu\u00e9s de que Israel llevara a cabo un ataque a\u00e9reo sin precedentes contra l\u00edderes de Hamas en Doha.<\/p>\n\n\n\n<p>\u00abHa llegado el momento de que la comunidad internacional deje de usar doble rasero y sancione a Israel por todos los cr\u00edmenes que ha cometido, e Israel debe saber que la guerra de exterminio en curso a la que est\u00e1 siendo sometido nuestro hermano, el pueblo palestino, cuyo objetivo es expulsarlos de su tierra, no funcionar\u00e1\u00bb, dijo el primer ministro.<\/p>\n\n\n\n<p>Estas declaraciones se producen mientras el secretario de Estado estadunidense, Marco Rubio, arranc\u00f3 una visita a Israel, tras reiterar el apoyo inquebrantable de Washington a su aliado en su guerra contra Ham\u00e1s, a pesar de que el presidente Donald Trump expresara su molestia por el ataque en Qatar, que suscit\u00f3 la condena internacional.<\/p>\n\n\n\n<p>Fuente: la jornada<\/p>\n","protected":false},"excerpt":{"rendered":"<p>Doha.-&nbsp;El primer ministro de Qatar, Mohammed bin Abdulrahman Al Thani, inst\u00f3 este domingo a la comunidad internacional a \u00abdejar de usar el doble rasero\u00bb y sancionar a Israel por sus \u00abcr\u00edmenes\u00bb. El primer ministro habl\u00f3 en una reuni\u00f3n preparatoria en v\u00edsperas de una cumbre de emergencia de l\u00edderes \u00e1rabes e isl\u00e1micos organizada por Qatar despu\u00e9s [&hellip;]<\/p>\n","protected":false},"author":2,"featured_media":144990,"comment_status":"open","ping_status":"open","sticky":false,"template":"","format":"standard","meta":{"footnotes":""},"categories":[8],"tags":[],"class_list":["post-144989","post","type-post","status-publish","format-standard","has-post-thumbnail","hentry","category-internacionales"],"_links":{"self":[{"href":"http:\/\/elcuartopoder.com.mx\/nw\/wp-json\/wp\/v2\/posts\/144989","targetHints":{"allow":["GET"]}}],"collection":[{"href":"http:\/\/elcuartopoder.com.mx\/nw\/wp-json\/wp\/v2\/posts"}],"about":[{"href":"http:\/\/elcuartopoder.com.mx\/nw\/wp-json\/wp\/v2\/types\/post"}],"author":[{"embeddable":true,"href":"http:\/\/elcuartopoder.com.mx\/nw\/wp-json\/wp\/v2\/users\/2"}],"replies":[{"embeddable":true,"href":"http:\/\/elcuartopoder.com.mx\/nw\/wp-json\/wp\/v2\/comments?post=144989"}],"version-history":[{"count":1,"href":"http:\/\/elcuartopoder.com.mx\/nw\/wp-json\/wp\/v2\/posts\/144989\/revisions"}],"predecessor-version":[{"id":144991,"href":"http:\/\/elcuartopoder.com.mx\/nw\/wp-json\/wp\/v2\/posts\/144989\/revisions\/144991"}],"wp:featuredmedia":[{"embeddable":true,"href":"http:\/\/elcuartopoder.com.mx\/nw\/wp-json\/wp\/v2\/media\/144990"}],"wp:attachment":[{"href":"http:\/\/elcuartopoder.com.mx\/nw\/wp-json\/wp\/v2\/media?parent=144989"}],"wp:term":[{"taxonomy":"category","embeddable":true,"href":"http:\/\/elcuartopoder.com.mx\/nw\/wp-json\/wp\/v2\/categories?post=144989"},{"taxonomy":"post_tag","embeddable":true,"href":"http:\/\/elcuartopoder.com.mx\/nw\/wp-json\/wp\/v2\/tags?post=144989"}],"curies":[{"name":"wp","href":"https:\/\/api.w.org\/{rel}","templated":true}]}}