{"id":144992,"date":"2025-09-15T10:34:51","date_gmt":"2025-09-15T15:34:51","guid":{"rendered":"https:\/\/elcuartopoder.com.mx\/nw\/?p=144992"},"modified":"2025-09-15T10:34:53","modified_gmt":"2025-09-15T15:34:53","slug":"red-de-huachicol-investigacion-revela-red-que-involucra-a-dos-carteles","status":"publish","type":"post","link":"http:\/\/elcuartopoder.com.mx\/nw\/policiacas\/red-de-huachicol-investigacion-revela-red-que-involucra-a-dos-carteles\/","title":{"rendered":"Red de huachicol: investigaci\u00f3n revela red que involucra a dos c\u00e1rteles"},"content":{"rendered":"\n<p>La periodista Anabel Hern\u00e1ndez se\u00f1al\u00f3 que la investigaci\u00f3n surgi\u00f3 en Estados Unidos involucrando a altos mandos.<\/p>\n\n\n\n<p>La periodista Anabel Hern\u00e1ndez revel\u00f3 que la presunta red de huachicol fiscal que hoy tiene bajo la lupa a altos mandos de la Secretar\u00eda de Marina y a funcionarios de aduanas no fue descubierta en M\u00e9xico, sino en Estados Unidos. La primera indagatoria se abri\u00f3 en la Corte del Distrito Sur de Texas tras la detenci\u00f3n en 2022 de Jos\u00e9 de Jes\u00fas Tapia Fern\u00e1ndez, exdiputado del PRI en Tamaulipas.<\/p>\n\n\n\n<h2 class=\"wp-block-heading\">C\u00e1rteles del Golfo y Jalisco Nueva Generaci\u00f3n<\/h2>\n\n\n\n<p>De acuerdo con Hern\u00e1ndez, esta red de contrabando de combustibles operaba en asociaci\u00f3n con el C\u00e1rtel del Golfo y, en una segunda etapa, con el C\u00e1rtel Jalisco Nueva Generaci\u00f3n. La periodista subray\u00f3 que ambos grupos criminales fueron catalogados como \u201cnarcoterroristas\u201d por el gobierno estadounidense.<\/p>\n\n\n\n<p>La investigaci\u00f3n involucra a los hermanos Manuel Roberto y Fernando Far\u00edas Laguna, vicealmirante y contralmirante respectivamente, identificados como presuntos l\u00edderes de la red. Ambos son familiares del exsecretario de Marina, Rafael Ojeda Dur\u00e1n. Pese a ello, la FGR ha intentado desligar al exfuncionario de las acusaciones, lo que genera cr\u00edticas sobre un posible encubrimiento.<\/p>\n\n\n\n<h2 class=\"wp-block-heading\">Conexiones pol\u00edticas y empresariales<\/h2>\n\n\n\n<p>El caso tambi\u00e9n apunta a v\u00ednculos con empresarios y pol\u00edticos. Un reporte oficial se\u00f1ala que Vector Casa de Bolsa, vinculada al empresario Alfonso Romo, habr\u00eda sido utilizada para lavar hasta 220 millones de pesos. Adem\u00e1s, Hern\u00e1ndez advirti\u00f3 sobre posibles nexos con el gobernador de Sonora, Alfonso Durazo, su hijo y funcionarios de su gabinete.<\/p>\n\n\n\n<p>El hallazgo provoc\u00f3 tensiones bilaterales. Seg\u00fan la periodista, el tema fue abordado en reuniones entre el secretario de Estado de EE.UU. y el gobierno mexicano, ante la preocupaci\u00f3n de que los recursos del huachicol fortalezcan a los c\u00e1rteles. Hern\u00e1ndez insisti\u00f3 en que el caso exige rendici\u00f3n de cuentas al m\u00e1s alto nivel pol\u00edtico y militar en M\u00e9xico.<\/p>\n\n\n\n<p>Fuente: SIPSE \/Aristegui Noticias<\/p>\n","protected":false},"excerpt":{"rendered":"<p>La periodista Anabel Hern\u00e1ndez se\u00f1al\u00f3 que la investigaci\u00f3n surgi\u00f3 en Estados Unidos involucrando a altos mandos. La periodista Anabel Hern\u00e1ndez revel\u00f3 que la presunta red de huachicol fiscal que hoy tiene bajo la lupa a altos mandos de la Secretar\u00eda de Marina y a funcionarios de aduanas no fue descubierta en M\u00e9xico, sino en Estados [&hellip;]<\/p>\n","protected":false},"author":2,"featured_media":144993,"comment_status":"open","ping_status":"open","sticky":false,"template":"","format":"standard","meta":{"footnotes":""},"categories":[23],"tags":[],"class_list":["post-144992","post","type-post","status-publish","format-standard","has-post-thumbnail","hentry","category-policiacas"],"_links":{"self":[{"href":"http:\/\/elcuartopoder.com.mx\/nw\/wp-json\/wp\/v2\/posts\/144992","targetHints":{"allow":["GET"]}}],"collection":[{"href":"http:\/\/elcuartopoder.com.mx\/nw\/wp-json\/wp\/v2\/posts"}],"about":[{"href":"http:\/\/elcuartopoder.com.mx\/nw\/wp-json\/wp\/v2\/types\/post"}],"author":[{"embeddable":true,"href":"http:\/\/elcuartopoder.com.mx\/nw\/wp-json\/wp\/v2\/users\/2"}],"replies":[{"embeddable":true,"href":"http:\/\/elcuartopoder.com.mx\/nw\/wp-json\/wp\/v2\/comments?post=144992"}],"version-history":[{"count":1,"href":"http:\/\/elcuartopoder.com.mx\/nw\/wp-json\/wp\/v2\/posts\/144992\/revisions"}],"predecessor-version":[{"id":144994,"href":"http:\/\/elcuartopoder.com.mx\/nw\/wp-json\/wp\/v2\/posts\/144992\/revisions\/144994"}],"wp:featuredmedia":[{"embeddable":true,"href":"http:\/\/elcuartopoder.com.mx\/nw\/wp-json\/wp\/v2\/media\/144993"}],"wp:attachment":[{"href":"http:\/\/elcuartopoder.com.mx\/nw\/wp-json\/wp\/v2\/media?parent=144992"}],"wp:term":[{"taxonomy":"category","embeddable":true,"href":"http:\/\/elcuartopoder.com.mx\/nw\/wp-json\/wp\/v2\/categories?post=144992"},{"taxonomy":"post_tag","embeddable":true,"href":"http:\/\/elcuartopoder.com.mx\/nw\/wp-json\/wp\/v2\/tags?post=144992"}],"curies":[{"name":"wp","href":"https:\/\/api.w.org\/{rel}","templated":true}]}}