{"id":145006,"date":"2025-09-15T10:42:36","date_gmt":"2025-09-15T15:42:36","guid":{"rendered":"https:\/\/elcuartopoder.com.mx\/nw\/?p=145006"},"modified":"2025-09-15T10:42:37","modified_gmt":"2025-09-15T15:42:37","slug":"ninos-de-1-a-3-anos-presentan-bajas-tasas-de-inscripcion-a-preescolar","status":"publish","type":"post","link":"http:\/\/elcuartopoder.com.mx\/nw\/qtp\/ninos-de-1-a-3-anos-presentan-bajas-tasas-de-inscripcion-a-preescolar\/","title":{"rendered":"Ni\u00f1os de 1 a 3 a\u00f1os presentan bajas tasas de inscripci\u00f3n a preescolar"},"content":{"rendered":"\n<p>En M\u00e9xico, la educaci\u00f3n preescolar \u2014espec\u00edficamente en los primeros tres a\u00f1os de vida\u2014 es baja; menor a la mitad del total de ni\u00f1os y ni\u00f1as en estas edades.<\/p>\n\n\n\n<p>En M\u00e9xico, las tasas de inscripci\u00f3n en unidades maternales y preescolares son relativamente bajas, especialmente en los primeros tres a\u00f1os de vida.<\/p>\n\n\n\n<p>Esto sugiere que la mayor\u00eda de los menores reci\u00e9n nacidos y en sus primeros a\u00f1os de vida est\u00e1n al cuidado de sus padres o redes familiares.<\/p>\n\n\n\n<p>S\u00f3lo el 1% de los menores de un a\u00f1o est\u00e1n inscritos a alguna instituci\u00f3n de cuidados; para quienes tienen dos a\u00f1os la tasa apenas sube al 8%, de acuerdo con cifras de la OCDE (Organizaci\u00f3n para la Cooperaci\u00f3n y el Desarrollo Econ\u00f3micos).<\/p>\n\n\n\n<p>Para la poblaci\u00f3n que tiene tres a\u00f1os, la tasa de inscripci\u00f3n sube considerablemente, pero se mantiene por debajo de la mitad: s\u00f3lo 37% de ellos van a la escuela o una unidad de cuidados especializados.<\/p>\n\n\n\n<p>Para quienes tienen de 4 a 5 a\u00f1os s\u00ed se observa una mayor asistencia escolar, lo que refleja que la mayor\u00eda de familias esperan hasta esta edad para inscribir a los menores a estas instituciones.<\/p>\n\n\n\n<p>Fuente: eleconomista<\/p>\n\n\n\n<p><\/p>\n","protected":false},"excerpt":{"rendered":"<p>En M\u00e9xico, la educaci\u00f3n preescolar \u2014espec\u00edficamente en los primeros tres a\u00f1os de vida\u2014 es baja; menor a la mitad del total de ni\u00f1os y ni\u00f1as en estas edades. En M\u00e9xico, las tasas de inscripci\u00f3n en unidades maternales y preescolares son relativamente bajas, especialmente en los primeros tres a\u00f1os de vida. Esto sugiere que la mayor\u00eda [&hellip;]<\/p>\n","protected":false},"author":2,"featured_media":145007,"comment_status":"open","ping_status":"open","sticky":false,"template":"","format":"standard","meta":{"footnotes":""},"categories":[58],"tags":[],"class_list":["post-145006","post","type-post","status-publish","format-standard","has-post-thumbnail","hentry","category-qtp"],"_links":{"self":[{"href":"http:\/\/elcuartopoder.com.mx\/nw\/wp-json\/wp\/v2\/posts\/145006","targetHints":{"allow":["GET"]}}],"collection":[{"href":"http:\/\/elcuartopoder.com.mx\/nw\/wp-json\/wp\/v2\/posts"}],"about":[{"href":"http:\/\/elcuartopoder.com.mx\/nw\/wp-json\/wp\/v2\/types\/post"}],"author":[{"embeddable":true,"href":"http:\/\/elcuartopoder.com.mx\/nw\/wp-json\/wp\/v2\/users\/2"}],"replies":[{"embeddable":true,"href":"http:\/\/elcuartopoder.com.mx\/nw\/wp-json\/wp\/v2\/comments?post=145006"}],"version-history":[{"count":1,"href":"http:\/\/elcuartopoder.com.mx\/nw\/wp-json\/wp\/v2\/posts\/145006\/revisions"}],"predecessor-version":[{"id":145008,"href":"http:\/\/elcuartopoder.com.mx\/nw\/wp-json\/wp\/v2\/posts\/145006\/revisions\/145008"}],"wp:featuredmedia":[{"embeddable":true,"href":"http:\/\/elcuartopoder.com.mx\/nw\/wp-json\/wp\/v2\/media\/145007"}],"wp:attachment":[{"href":"http:\/\/elcuartopoder.com.mx\/nw\/wp-json\/wp\/v2\/media?parent=145006"}],"wp:term":[{"taxonomy":"category","embeddable":true,"href":"http:\/\/elcuartopoder.com.mx\/nw\/wp-json\/wp\/v2\/categories?post=145006"},{"taxonomy":"post_tag","embeddable":true,"href":"http:\/\/elcuartopoder.com.mx\/nw\/wp-json\/wp\/v2\/tags?post=145006"}],"curies":[{"name":"wp","href":"https:\/\/api.w.org\/{rel}","templated":true}]}}