{"id":145009,"date":"2025-09-15T10:50:24","date_gmt":"2025-09-15T15:50:24","guid":{"rendered":"https:\/\/elcuartopoder.com.mx\/nw\/?p=145009"},"modified":"2025-09-15T10:50:25","modified_gmt":"2025-09-15T15:50:25","slug":"la-herencia-laboral-que-pasa-con-el-salario-y-prestaciones-cuando-fallece-un-trabajador","status":"publish","type":"post","link":"http:\/\/elcuartopoder.com.mx\/nw\/varios\/la-herencia-laboral-que-pasa-con-el-salario-y-prestaciones-cuando-fallece-un-trabajador\/","title":{"rendered":"La herencia laboral: \u00bfQu\u00e9 pasa con el salario y prestaciones cuando fallece un trabajador?"},"content":{"rendered":"\n<p>Tras la muerte de un trabajador, sus beneficiarios tienen derecho a salarios y prestaciones pendientes, pero si no hay registro de quien tiene derecho a recibir dichos pagos, las empresas pueden ser susceptibles a pagar doble.<\/p>\n\n\n\n<p>Tras la muerte de un trabajador,&nbsp;<strong>\u00bfqu\u00e9 pasa con sus salarios y prestaciones?<\/strong>&nbsp;De acuerdo con la Ley Federal del Trabajo (LFT), los beneficiarios de un empleado fallecido tienen derecho a recibir las prestaciones e indemnizaciones pendientes de cubrirse.<\/p>\n\n\n\n<p>Asimismo, el art\u00edculo 115 de la ley laboral menciona que los beneficiarios del trabajador fallecido tienen derecho a ejercer acciones y continuar juicios para&nbsp;<strong>recibir los pagos adeudados<\/strong>, e incluso indemnizaciones del trabajador fallecido, ya que esto entra dentro de la masa hereditaria; es decir, es parte de la herencia.<\/p>\n\n\n\n<p>Si bien, la ley garantiza la m\u00e1xima&nbsp;<strong>protecci\u00f3n del trabajador y sus beneficiarios<\/strong>, el tema puede implicar dudas sobre qui\u00e9nes son las personas que tienen derecho al pago de las prestaciones correspondientes y salarios, especialmente si el empleado fallecido no dej\u00f3 testamento o no ten\u00eda beneficiarios registrados.<\/p>\n\n\n\n<p>En ese sentido, Estefan\u00eda Rueda, socia del despacho Littler, menciona que cualquier empresa es susceptible a enfrentar\u00a0la muerte de un trabajador, y pese a que la situaci\u00f3n corresponde a un momento delicado, el proceso se vuelve complicado cuando no hay claridad sobre los beneficiarios.<\/p>\n\n\n\n<h2 class=\"wp-block-heading\">\u00bfQui\u00e9n tiene derecho al salario y prestaciones cuando fallece el trabajador?<\/h2>\n\n\n\n<p>Aunque la legislaci\u00f3n enfatiza que el derecho de los beneficiarios no requiere un juicio sucesorio; es decir, un proceso legal donde la autoridad identifica a herederos y cede los bienes y derechos, en la pr\u00e1ctica, el tr\u00e1mite \u201cpuede convertirse en un&nbsp;<strong>litigio complejo<\/strong>\u201d, alerta Rueda.<\/p>\n\n\n\n<p>La abogada especializada en materia laboral comparte que&nbsp;<strong>cuando no existen beneficiarios<\/strong>&nbsp;designados, el procedimiento legal que la familia debe iniciar puede tomar meses y generar incertidumbre no solo para los interesados, sino tambi\u00e9n para la propia empresa, ya que deriva en pagos duplicados o incluso sanciones.<\/p>\n\n\n\n<p>En su contrataci\u00f3n, es habitual que las compa\u00f1\u00edas soliciten al trabajador los nombres de sus beneficiarios, no obstante, en aquellos donde no se establece un nombre, la Procuradur\u00eda Federal de la Defensa del Trabajo (<strong>Profedet<\/strong>) menciona que la designaci\u00f3n s\u00ed requiere un&nbsp;<strong>juicio de designaci\u00f3n de declaraci\u00f3n de beneficiarios<\/strong>, que solo podr\u00e1n promover los siguientes interesados:<\/p>\n\n\n\n<ul class=\"wp-block-list\">\n<li>La viuda o el viudo\u00a0<\/li>\n\n\n\n<li>Los hijos menores de 18 a\u00f1os y mayores si tienen una incapacidad de 50% o m\u00e1s, e hijos de hasta 25 a\u00f1os que est\u00e9n estudiando\u00a0<\/li>\n\n\n\n<li>C\u00f3nyuge que vivi\u00f3 con el trabajador los \u00faltimos 5 a\u00f1os previo a su muerte, o con quien tuvo hijos\u00a0<\/li>\n\n\n\n<li>Dependientes econ\u00f3micos del trabajador, por ejemplo, sus padres\u00a0<\/li>\n\n\n\n<li>El Instituto Mexicano del Seguro Social (IMSS), en caso de que no haya beneficiarios<\/li>\n<\/ul>\n\n\n\n<p>La autoridad laboral iniciar\u00e1 una investigaci\u00f3n donde se solicitar\u00e1 al patr\u00f3n&nbsp;<strong>informaci\u00f3n sobre los posibles beneficiarios<\/strong>, e incluso medios de comunicaci\u00f3n para convocarlos, posteriormente determinar\u00e1 qui\u00e9n tiene derecho y el patr\u00f3n realizar\u00e1 el pago correspondiente.<\/p>\n\n\n\n<p>Aun con estos procedimientos establecidos, el proceso se complica cuando aparece otro beneficiario que demuestra no fue requerido y no sab\u00eda del proceso legal, en ese caso, se ha demostrado que la ley falla a favor de dicha persona y entonces&nbsp;<strong>el empleador se ve obligado a pagar nuevamente<\/strong>.<\/p>\n\n\n\n<p>El tema financiero es considerable, ya que, de acuerdo con Estefan\u00eda Rueda, se incluyen salarios pendientes, vacaciones, aguinaldo proporcional y en algunos casos i<strong>ndemnizaciones correspondiente a 5,000 d\u00edas de salario<\/strong>, de ah\u00ed la importancia de prevenir conflictos.<\/p>\n\n\n\n<h2 class=\"wp-block-heading\">Sensibilizar sobre&nbsp;herencia laboral<\/h2>\n\n\n\n<p>La abogada de Littler dice que las empresas pueden\u00a0<strong>prevenir conflictos<\/strong>\u00a0al implementar pol\u00edticas claras para la designaci\u00f3n de beneficiarios en\u00a0el contrato individual\u00a0desde el primer d\u00eda de que el trabajador se suma al centro de trabajo, y en caso de que no se tenga, \u201cpromover un ad\u00e9ndum y permitir actualizaciones peri\u00f3dicas\u201d.<\/p>\n\n\n\n<p>La abogada sugiere a los empleadores contar con un&nbsp;<strong>directorio actualizado de contactos de emergencia<\/strong>&nbsp;que incluya domicilio y datos para facilitar cualquier gesti\u00f3n, y en caso de que un trabajador fallezca, mantener colaboraci\u00f3n activa con la autoridad y la familia y evitar pagos sin verificar antes que no existen m\u00e1s dependientes econ\u00f3micos y previo convenio y documentaci\u00f3n.<\/p>\n\n\n\n<p>La experta resalta que prevenir es clave, por ello, recomienda implementar di\u00e1logos con los trabajadores para\u00a0<strong>sensibilizarlos sobre la \u201cherencia laboral\u201d<\/strong>, por ejemplo, la importancia de tener beneficiarios o \u201cponer todo en orden\u201d, e incluso aprovechar campa\u00f1as como\u00a0el Mes del Testamento\u00a0de septiembre para promover la protecci\u00f3n del patrimonio de los colaboradores.<\/p>\n\n\n\n<p>Fuente: eleconomista<\/p>\n","protected":false},"excerpt":{"rendered":"<p>Tras la muerte de un trabajador, sus beneficiarios tienen derecho a salarios y prestaciones pendientes, pero si no hay registro de quien tiene derecho a recibir dichos pagos, las empresas pueden ser susceptibles a pagar doble. Tras la muerte de un trabajador,&nbsp;\u00bfqu\u00e9 pasa con sus salarios y prestaciones?&nbsp;De acuerdo con la Ley Federal del Trabajo [&hellip;]<\/p>\n","protected":false},"author":2,"featured_media":145010,"comment_status":"open","ping_status":"open","sticky":false,"template":"","format":"standard","meta":{"footnotes":""},"categories":[64],"tags":[],"class_list":["post-145009","post","type-post","status-publish","format-standard","has-post-thumbnail","hentry","category-varios"],"_links":{"self":[{"href":"http:\/\/elcuartopoder.com.mx\/nw\/wp-json\/wp\/v2\/posts\/145009","targetHints":{"allow":["GET"]}}],"collection":[{"href":"http:\/\/elcuartopoder.com.mx\/nw\/wp-json\/wp\/v2\/posts"}],"about":[{"href":"http:\/\/elcuartopoder.com.mx\/nw\/wp-json\/wp\/v2\/types\/post"}],"author":[{"embeddable":true,"href":"http:\/\/elcuartopoder.com.mx\/nw\/wp-json\/wp\/v2\/users\/2"}],"replies":[{"embeddable":true,"href":"http:\/\/elcuartopoder.com.mx\/nw\/wp-json\/wp\/v2\/comments?post=145009"}],"version-history":[{"count":1,"href":"http:\/\/elcuartopoder.com.mx\/nw\/wp-json\/wp\/v2\/posts\/145009\/revisions"}],"predecessor-version":[{"id":145011,"href":"http:\/\/elcuartopoder.com.mx\/nw\/wp-json\/wp\/v2\/posts\/145009\/revisions\/145011"}],"wp:featuredmedia":[{"embeddable":true,"href":"http:\/\/elcuartopoder.com.mx\/nw\/wp-json\/wp\/v2\/media\/145010"}],"wp:attachment":[{"href":"http:\/\/elcuartopoder.com.mx\/nw\/wp-json\/wp\/v2\/media?parent=145009"}],"wp:term":[{"taxonomy":"category","embeddable":true,"href":"http:\/\/elcuartopoder.com.mx\/nw\/wp-json\/wp\/v2\/categories?post=145009"},{"taxonomy":"post_tag","embeddable":true,"href":"http:\/\/elcuartopoder.com.mx\/nw\/wp-json\/wp\/v2\/tags?post=145009"}],"curies":[{"name":"wp","href":"https:\/\/api.w.org\/{rel}","templated":true}]}}