{"id":145094,"date":"2025-09-16T11:06:06","date_gmt":"2025-09-16T16:06:06","guid":{"rendered":"https:\/\/elcuartopoder.com.mx\/nw\/?p=145094"},"modified":"2025-09-16T11:06:08","modified_gmt":"2025-09-16T16:06:08","slug":"desaparicion-de-cinco-nayaritas-destapa-fabrica-clandestina-en-chetumal","status":"publish","type":"post","link":"http:\/\/elcuartopoder.com.mx\/nw\/policiacas\/desaparicion-de-cinco-nayaritas-destapa-fabrica-clandestina-en-chetumal\/","title":{"rendered":"Desaparici\u00f3n de cinco nayaritas destapa f\u00e1brica clandestina en Chetumal"},"content":{"rendered":"\n<p>La empresa ilegal dedicada a la manufactura de cigarros estar\u00eda ligada a un empresario coreano.<\/p>\n\n\n\n<p>La desaparici\u00f3n de cinco hombres originarios de&nbsp;<strong>Nayarit en Chetumal&nbsp;<\/strong>destap\u00f3 una red de contrabando que operaba desde un hotel de la capital, donde fue instalada una f\u00e1brica ilegal de&nbsp;<strong>cigarros bajo el mando de un empresario de origen coreano<\/strong>, inform\u00f3 la Fiscal\u00eda General del Estado (FGE).<\/p>\n\n\n\n<p>De acuerdo con la investigaci\u00f3n, los hechos ocurrieron el pasado 3 de septiembre en el&nbsp;<strong>Hotel Luna Caribe<\/strong>, cuando un grupo armado irrumpi\u00f3 en las instalaciones y presuntamente priv\u00f3 de la libertad a las v\u00edctimas identificadas como:<\/p>\n\n\n\n<p>&#8211; Alexis Augusto Ibarra Cornejo, de 20 a\u00f1os<br>&#8211; Jack Iv\u00e1n Barra Mendoza, de 45 a\u00f1os<br>&#8211; Juan Antonio R\u00edos Quiroz, de 40 a\u00f1os<br>&#8211; Veiko de Jes\u00fas Ru\u00edz Verd\u00edn, de 29 a\u00f1os<br>&#8211; C\u00e9sar Augusto Ahumada Montes, de 43 a\u00f1os<\/p>\n\n\n\n<p>El fiscal Raciel L\u00f3pez Salazar explic\u00f3 en conferencia de prensa que los desaparecidos llegaron a&nbsp;<strong>Quintana Roo tras ser contratados bajo enga\u00f1os para trabajar<\/strong>&nbsp;en una empresa privada, pero en realidad fueron empleados de una f\u00e1brica clandestina de cigarros que operaba en la parte trasera del hotel.<\/p>\n\n\n\n<p><em>\u201cRealmente fueron contratados para trabajar en una f\u00e1brica ilegal de cigarros ubicada al fondo del inmueble, en una zona estrat\u00e9gica donde incluso ten\u00edan sus habitaciones\u201d<\/em>, declar\u00f3.<\/p>\n\n\n\n<p>La&nbsp;<strong>FGE&nbsp;<\/strong>se\u00f1al\u00f3 que el presunto responsable es un empresario de nacionalidad coreana, quien estar\u00eda asociado con al menos dos personas m\u00e1s dedicadas al contrabando. En este mismo caso, la autoridad record\u00f3 que en d\u00edas recientes fueron hallados sin vida un padre y su hijo que&nbsp;<strong>tambi\u00e9n resid\u00edan en el hotel y ten\u00edan v\u00ednculos con esta red delictiva<\/strong>.<\/p>\n\n\n\n<p>Por su parte, el colectivo&nbsp;<strong>Madres Buscadoras de Quintana Roo<\/strong>&nbsp;confirm\u00f3 que mantiene comunicaci\u00f3n directa con la Fiscal\u00eda para agilizar las pesquisas, luego de que el 6 de septiembre se recibi\u00f3 la denuncia formal por parte de los familiares. Hasta ahora, los parientes de las v\u00edctimas no han viajado a la&nbsp;<strong>entidad y esperan resultados de las investigaciones en curso<\/strong>.<\/p>\n\n\n\n<p>Fuente: SIPSE<\/p>\n\n\n\n<blockquote class=\"wp-block-quote is-layout-flow wp-block-quote-is-layout-flow\"><\/blockquote>\n","protected":false},"excerpt":{"rendered":"<p>La empresa ilegal dedicada a la manufactura de cigarros estar\u00eda ligada a un empresario coreano. La desaparici\u00f3n de cinco hombres originarios de&nbsp;Nayarit en Chetumal&nbsp;destap\u00f3 una red de contrabando que operaba desde un hotel de la capital, donde fue instalada una f\u00e1brica ilegal de&nbsp;cigarros bajo el mando de un empresario de origen coreano, inform\u00f3 la Fiscal\u00eda [&hellip;]<\/p>\n","protected":false},"author":2,"featured_media":145095,"comment_status":"open","ping_status":"open","sticky":false,"template":"","format":"standard","meta":{"footnotes":""},"categories":[23],"tags":[],"class_list":["post-145094","post","type-post","status-publish","format-standard","has-post-thumbnail","hentry","category-policiacas"],"_links":{"self":[{"href":"http:\/\/elcuartopoder.com.mx\/nw\/wp-json\/wp\/v2\/posts\/145094","targetHints":{"allow":["GET"]}}],"collection":[{"href":"http:\/\/elcuartopoder.com.mx\/nw\/wp-json\/wp\/v2\/posts"}],"about":[{"href":"http:\/\/elcuartopoder.com.mx\/nw\/wp-json\/wp\/v2\/types\/post"}],"author":[{"embeddable":true,"href":"http:\/\/elcuartopoder.com.mx\/nw\/wp-json\/wp\/v2\/users\/2"}],"replies":[{"embeddable":true,"href":"http:\/\/elcuartopoder.com.mx\/nw\/wp-json\/wp\/v2\/comments?post=145094"}],"version-history":[{"count":1,"href":"http:\/\/elcuartopoder.com.mx\/nw\/wp-json\/wp\/v2\/posts\/145094\/revisions"}],"predecessor-version":[{"id":145096,"href":"http:\/\/elcuartopoder.com.mx\/nw\/wp-json\/wp\/v2\/posts\/145094\/revisions\/145096"}],"wp:featuredmedia":[{"embeddable":true,"href":"http:\/\/elcuartopoder.com.mx\/nw\/wp-json\/wp\/v2\/media\/145095"}],"wp:attachment":[{"href":"http:\/\/elcuartopoder.com.mx\/nw\/wp-json\/wp\/v2\/media?parent=145094"}],"wp:term":[{"taxonomy":"category","embeddable":true,"href":"http:\/\/elcuartopoder.com.mx\/nw\/wp-json\/wp\/v2\/categories?post=145094"},{"taxonomy":"post_tag","embeddable":true,"href":"http:\/\/elcuartopoder.com.mx\/nw\/wp-json\/wp\/v2\/tags?post=145094"}],"curies":[{"name":"wp","href":"https:\/\/api.w.org\/{rel}","templated":true}]}}