{"id":145112,"date":"2025-09-16T14:48:04","date_gmt":"2025-09-16T19:48:04","guid":{"rendered":"https:\/\/elcuartopoder.com.mx\/nw\/?p=145112"},"modified":"2025-09-16T14:48:06","modified_gmt":"2025-09-16T19:48:06","slug":"genocidio-en-camara-lenta-siete-de-cada-diez-cubanos-se-privan-de-alguna-comida-diariamente-y-el-89-vive-en-la-pobreza-extrema","status":"publish","type":"post","link":"http:\/\/elcuartopoder.com.mx\/nw\/internacionales\/genocidio-en-camara-lenta-siete-de-cada-diez-cubanos-se-privan-de-alguna-comida-diariamente-y-el-89-vive-en-la-pobreza-extrema\/","title":{"rendered":"\u00abGenocidio en c\u00e1mara lenta\u00bb: siete de cada diez cubanos se privan de alguna comida diariamente y el 89% vive en la pobreza extrema"},"content":{"rendered":"\n<p>La \u00fanica soluci\u00f3n a esta pobreza generalizada ser\u00eda una transici\u00f3n hacia \u00abuna econom\u00eda de mercado, que respete la propiedad privada, la libre iniciativa, la seguridad jur\u00eddica y las inversiones extranjeras\u00bb, afirma el OCDH<\/p>\n\n\n\n<p>Con una pensi\u00f3n de menos de seis euros al mes, Juan, de 60 a\u00f1os, no sobrevive ni tres d\u00edas en Cuba; tiene\u00a0graves problemas de salud\u00a0y tampoco puede comprar sus medicinas porque son muy caras en el mercado informal y en las farmacias.<\/p>\n\n\n\n<p>Fuente: ABC<\/p>\n","protected":false},"excerpt":{"rendered":"<p>La \u00fanica soluci\u00f3n a esta pobreza generalizada ser\u00eda una transici\u00f3n hacia \u00abuna econom\u00eda de mercado, que respete la propiedad privada, la libre iniciativa, la seguridad jur\u00eddica y las inversiones extranjeras\u00bb, afirma el OCDH Con una pensi\u00f3n de menos de seis euros al mes, Juan, de 60 a\u00f1os, no sobrevive ni tres d\u00edas en Cuba; tiene\u00a0graves [&hellip;]<\/p>\n","protected":false},"author":2,"featured_media":145113,"comment_status":"open","ping_status":"open","sticky":false,"template":"","format":"standard","meta":{"footnotes":""},"categories":[8],"tags":[],"class_list":["post-145112","post","type-post","status-publish","format-standard","has-post-thumbnail","hentry","category-internacionales"],"_links":{"self":[{"href":"http:\/\/elcuartopoder.com.mx\/nw\/wp-json\/wp\/v2\/posts\/145112","targetHints":{"allow":["GET"]}}],"collection":[{"href":"http:\/\/elcuartopoder.com.mx\/nw\/wp-json\/wp\/v2\/posts"}],"about":[{"href":"http:\/\/elcuartopoder.com.mx\/nw\/wp-json\/wp\/v2\/types\/post"}],"author":[{"embeddable":true,"href":"http:\/\/elcuartopoder.com.mx\/nw\/wp-json\/wp\/v2\/users\/2"}],"replies":[{"embeddable":true,"href":"http:\/\/elcuartopoder.com.mx\/nw\/wp-json\/wp\/v2\/comments?post=145112"}],"version-history":[{"count":1,"href":"http:\/\/elcuartopoder.com.mx\/nw\/wp-json\/wp\/v2\/posts\/145112\/revisions"}],"predecessor-version":[{"id":145114,"href":"http:\/\/elcuartopoder.com.mx\/nw\/wp-json\/wp\/v2\/posts\/145112\/revisions\/145114"}],"wp:featuredmedia":[{"embeddable":true,"href":"http:\/\/elcuartopoder.com.mx\/nw\/wp-json\/wp\/v2\/media\/145113"}],"wp:attachment":[{"href":"http:\/\/elcuartopoder.com.mx\/nw\/wp-json\/wp\/v2\/media?parent=145112"}],"wp:term":[{"taxonomy":"category","embeddable":true,"href":"http:\/\/elcuartopoder.com.mx\/nw\/wp-json\/wp\/v2\/categories?post=145112"},{"taxonomy":"post_tag","embeddable":true,"href":"http:\/\/elcuartopoder.com.mx\/nw\/wp-json\/wp\/v2\/tags?post=145112"}],"curies":[{"name":"wp","href":"https:\/\/api.w.org\/{rel}","templated":true}]}}