{"id":145251,"date":"2025-09-18T06:52:12","date_gmt":"2025-09-18T11:52:12","guid":{"rendered":"https:\/\/elcuartopoder.com.mx\/nw\/?p=145251"},"modified":"2025-09-18T06:52:14","modified_gmt":"2025-09-18T11:52:14","slug":"juez-otorga-suspension-a-hijos-de-amlo-ante-posibles-detenciones","status":"publish","type":"post","link":"http:\/\/elcuartopoder.com.mx\/nw\/destacadas\/juez-otorga-suspension-a-hijos-de-amlo-ante-posibles-detenciones\/","title":{"rendered":"Juez otorga suspensi\u00f3n a hijos de AMLO ante posibles detenciones"},"content":{"rendered":"\n<p>\u201cAndy\u201d L\u00f3pez Beltr\u00e1n y Gonzalo L\u00f3pez Beltr\u00e1n, hijos del expresidente AMLO, y otras 14 personas obtuvieron un amparo contra cualquier orden de captura.<\/p>\n\n\n\n<p>Andy y Gonzalo L\u00f3pez Beltr\u00e1n presentaron la solicitud de amparo el 16 de septiembre de 2025.<\/p>\n\n\n\n<p>El documento protege contra medidas como&nbsp;<strong>incomunicaci\u00f3n, no localizaci\u00f3n, privaci\u00f3n de la vida, desaparici\u00f3n forzada y orden de aprehensi\u00f3n<\/strong>.<\/p>\n\n\n\n<p>Se interpuso ante el Juzgado Segundo de Distrito con sede en Zacatecas bajo el expediente 2098\/2025.<\/p>\n\n\n\n<p>La demanda fue promovida por Francisco Javier Rodr\u00edguez Smith Macdonald de forma electr\u00f3nica.<\/p>\n\n\n\n<h2 class=\"wp-block-heading\">Qui\u00e9nes est\u00e1n incluidos<\/h2>\n\n\n\n<p>Adem\u00e1s de los hijos de AMLO, el amparo beneficia a otras 14 personas, entre ellas&nbsp;<strong>funcionarios y presuntos se\u00f1alados en huachicol fiscal<\/strong>.<\/p>\n\n\n\n<p>Algunos nombres mencionados son Roberto Blanco Cant\u00fa, conocido como \u201cel Se\u00f1or de los Buques\u201d, Fernando Far\u00edas Laguna y Diana Heleyn Foullon G\u00f3mez alias \u201cLady D\u201d.<\/p>\n\n\n\n<h2 class=\"wp-block-heading\">Resoluci\u00f3n y audiencia<\/h2>\n\n\n\n<p>El juez de Zacatecas concedi\u00f3 la suspensi\u00f3n de oficio&nbsp;<strong>sin necesidad de firma aut\u00f3grafa<\/strong>&nbsp;del promovente para aplicar la medida cautelar.<\/p>\n\n\n\n<p>Se fij\u00f3 una fianza de&nbsp;<strong>10 mil pesos<\/strong>&nbsp;para hacer efectiva la medida de suspensi\u00f3n.<\/p>\n\n\n\n<p>La audiencia constitucional para este amparo qued\u00f3 programada para el&nbsp;<strong>28 de octubre de 2025 a las 12:10 horas<\/strong>.<\/p>\n\n\n\n<h2 class=\"wp-block-heading\">Repercusiones legales y pol\u00edticas<\/h2>\n\n\n\n<p>El amparo se da en medio de investigaciones por huachicol fiscal, un tema que ha generado fuerte debate pol\u00edtico.<\/p>\n\n\n\n<p>Mientras algunos ven la medida como una garant\u00eda de derechos fundamentales, otros la interpretan como un intento de blindar a los se\u00f1alados frente a la justicia.<\/p>\n\n\n\n<p>Fuente: SIPSE<\/p>\n","protected":false},"excerpt":{"rendered":"<p>\u201cAndy\u201d L\u00f3pez Beltr\u00e1n y Gonzalo L\u00f3pez Beltr\u00e1n, hijos del expresidente AMLO, y otras 14 personas obtuvieron un amparo contra cualquier orden de captura. Andy y Gonzalo L\u00f3pez Beltr\u00e1n presentaron la solicitud de amparo el 16 de septiembre de 2025. El documento protege contra medidas como&nbsp;incomunicaci\u00f3n, no localizaci\u00f3n, privaci\u00f3n de la vida, desaparici\u00f3n forzada y orden [&hellip;]<\/p>\n","protected":false},"author":2,"featured_media":145252,"comment_status":"open","ping_status":"open","sticky":false,"template":"","format":"standard","meta":{"footnotes":""},"categories":[59],"tags":[],"class_list":["post-145251","post","type-post","status-publish","format-standard","has-post-thumbnail","hentry","category-destacadas"],"_links":{"self":[{"href":"http:\/\/elcuartopoder.com.mx\/nw\/wp-json\/wp\/v2\/posts\/145251","targetHints":{"allow":["GET"]}}],"collection":[{"href":"http:\/\/elcuartopoder.com.mx\/nw\/wp-json\/wp\/v2\/posts"}],"about":[{"href":"http:\/\/elcuartopoder.com.mx\/nw\/wp-json\/wp\/v2\/types\/post"}],"author":[{"embeddable":true,"href":"http:\/\/elcuartopoder.com.mx\/nw\/wp-json\/wp\/v2\/users\/2"}],"replies":[{"embeddable":true,"href":"http:\/\/elcuartopoder.com.mx\/nw\/wp-json\/wp\/v2\/comments?post=145251"}],"version-history":[{"count":1,"href":"http:\/\/elcuartopoder.com.mx\/nw\/wp-json\/wp\/v2\/posts\/145251\/revisions"}],"predecessor-version":[{"id":145253,"href":"http:\/\/elcuartopoder.com.mx\/nw\/wp-json\/wp\/v2\/posts\/145251\/revisions\/145253"}],"wp:featuredmedia":[{"embeddable":true,"href":"http:\/\/elcuartopoder.com.mx\/nw\/wp-json\/wp\/v2\/media\/145252"}],"wp:attachment":[{"href":"http:\/\/elcuartopoder.com.mx\/nw\/wp-json\/wp\/v2\/media?parent=145251"}],"wp:term":[{"taxonomy":"category","embeddable":true,"href":"http:\/\/elcuartopoder.com.mx\/nw\/wp-json\/wp\/v2\/categories?post=145251"},{"taxonomy":"post_tag","embeddable":true,"href":"http:\/\/elcuartopoder.com.mx\/nw\/wp-json\/wp\/v2\/tags?post=145251"}],"curies":[{"name":"wp","href":"https:\/\/api.w.org\/{rel}","templated":true}]}}