{"id":145314,"date":"2025-09-19T14:33:16","date_gmt":"2025-09-19T19:33:16","guid":{"rendered":"https:\/\/elcuartopoder.com.mx\/nw\/?p=145314"},"modified":"2025-09-19T14:33:17","modified_gmt":"2025-09-19T19:33:17","slug":"el-senado-colombiano-reconoce-al-cartel-de-los-soles-como-organizacion-criminal-y-terrorista","status":"publish","type":"post","link":"http:\/\/elcuartopoder.com.mx\/nw\/policiacas\/el-senado-colombiano-reconoce-al-cartel-de-los-soles-como-organizacion-criminal-y-terrorista\/","title":{"rendered":"El Senado colombiano reconoce al c\u00e1rtel de los Soles como organizaci\u00f3n criminal y terrorista"},"content":{"rendered":"\n<p>Mientras la C\u00e1mara Alta insta a reforzar la cooperaci\u00f3n internacional contra el narcotr\u00e1fico, el presidente Petro sostiene que no existe tal grupo en Colombia y se\u00f1ala a disidencias de las FARC y a grupos armados como los verdaderos responsables de la violencia.<\/p>\n\n\n\n<p>El Senado de\u00a0<strong>Colombia<\/strong>\u00a0aprob\u00f3 esta semana una proposici\u00f3n en la que califica al denominado\u00a0c\u00e1rtel de los Soles\u00a0como una organizaci\u00f3n criminal transnacional, vinculada al narcotr\u00e1fico, al lavado de activos y al financiamiento de grupos terroristas. La C\u00e1mara Alta advirti\u00f3 que este grupo representa \u00abuna grave amenaza contra los derechos humanos, la estabilidad institucional y la seguridad nacional\u00bb, y exhort\u00f3 al presidente\u00a0<strong>Gustavo Petro<\/strong>\u00a0a reforzar la cooperaci\u00f3n internacional en la lucha contra la delincuencia organizada.<\/p>\n\n\n\n<p>Sin embargo, el propio mandatario colombiano volvi\u00f3 a desestimar la existencia del c\u00e1rtel que, seg\u00fan\u00a0<strong>Estados Unidos<\/strong>, est\u00e1 liderado por<strong>\u00a0Nicol\u00e1s Maduro<\/strong>\u00a0y altos funcionarios del\u00a0Gobierno venezolano. Petro afirm\u00f3 que en las investigaciones judiciales de su pa\u00eds \u00abno aparece un c\u00e1rtel de los soles\u00bb y asegur\u00f3 que la coca\u00edna que llega a\u00a0<strong>Venezuela<\/strong>\u00a0procede del centro de\u00a0<strong>Colombia<\/strong>\u00a0y no de una estructura criminal organizada desde Caracas.<\/p>\n\n\n\n<p>El presidente tambi\u00e9n se\u00f1al\u00f3\u00a0que en el Catatumbo el negocio de la coca\u00edna est\u00e1 en manos de grupos armados fortalecidos en la regi\u00f3n y defendi\u00f3 los avances en erradicaci\u00f3n voluntaria y en los di\u00e1logos de paz con las disidencias de las FARC. Adem\u00e1s, diferenci\u00f3 el accionar del Tren de Aragua, cuyo rastro delictivo se extiende a\u00a0<strong>Colombia<\/strong>\u00a0con decenas de integrantes capturados, del terrorismo, mientras que s\u00ed atribuy\u00f3 esa calificaci\u00f3n al Estado Mayor Central, la principal disidencia de las\u00a0FARC\u00a0en el Cauca, por el uso de explosivos contra civiles.<\/p>\n\n\n\n<p>La posici\u00f3n del Gobierno contrasta con la de\u00a0<strong>Washington<\/strong>, que mantiene\u00a0acusaciones de narcotr\u00e1fico y terrorismo\u00a0contra Maduro y ha ofrecido una recompensa de 50 millones de d\u00f3lares por informaci\u00f3n que conduzca a su arresto.<\/p>\n\n\n\n<p>Fuente: ABC<\/p>\n","protected":false},"excerpt":{"rendered":"<p>Mientras la C\u00e1mara Alta insta a reforzar la cooperaci\u00f3n internacional contra el narcotr\u00e1fico, el presidente Petro sostiene que no existe tal grupo en Colombia y se\u00f1ala a disidencias de las FARC y a grupos armados como los verdaderos responsables de la violencia. El Senado de\u00a0Colombia\u00a0aprob\u00f3 esta semana una proposici\u00f3n en la que califica al denominado\u00a0c\u00e1rtel [&hellip;]<\/p>\n","protected":false},"author":2,"featured_media":145315,"comment_status":"open","ping_status":"open","sticky":false,"template":"","format":"standard","meta":{"footnotes":""},"categories":[23],"tags":[],"class_list":["post-145314","post","type-post","status-publish","format-standard","has-post-thumbnail","hentry","category-policiacas"],"_links":{"self":[{"href":"http:\/\/elcuartopoder.com.mx\/nw\/wp-json\/wp\/v2\/posts\/145314","targetHints":{"allow":["GET"]}}],"collection":[{"href":"http:\/\/elcuartopoder.com.mx\/nw\/wp-json\/wp\/v2\/posts"}],"about":[{"href":"http:\/\/elcuartopoder.com.mx\/nw\/wp-json\/wp\/v2\/types\/post"}],"author":[{"embeddable":true,"href":"http:\/\/elcuartopoder.com.mx\/nw\/wp-json\/wp\/v2\/users\/2"}],"replies":[{"embeddable":true,"href":"http:\/\/elcuartopoder.com.mx\/nw\/wp-json\/wp\/v2\/comments?post=145314"}],"version-history":[{"count":1,"href":"http:\/\/elcuartopoder.com.mx\/nw\/wp-json\/wp\/v2\/posts\/145314\/revisions"}],"predecessor-version":[{"id":145316,"href":"http:\/\/elcuartopoder.com.mx\/nw\/wp-json\/wp\/v2\/posts\/145314\/revisions\/145316"}],"wp:featuredmedia":[{"embeddable":true,"href":"http:\/\/elcuartopoder.com.mx\/nw\/wp-json\/wp\/v2\/media\/145315"}],"wp:attachment":[{"href":"http:\/\/elcuartopoder.com.mx\/nw\/wp-json\/wp\/v2\/media?parent=145314"}],"wp:term":[{"taxonomy":"category","embeddable":true,"href":"http:\/\/elcuartopoder.com.mx\/nw\/wp-json\/wp\/v2\/categories?post=145314"},{"taxonomy":"post_tag","embeddable":true,"href":"http:\/\/elcuartopoder.com.mx\/nw\/wp-json\/wp\/v2\/tags?post=145314"}],"curies":[{"name":"wp","href":"https:\/\/api.w.org\/{rel}","templated":true}]}}