{"id":145425,"date":"2025-09-22T18:03:34","date_gmt":"2025-09-22T23:03:34","guid":{"rendered":"https:\/\/elcuartopoder.com.mx\/nw\/?p=145425"},"modified":"2025-09-22T18:03:35","modified_gmt":"2025-09-22T23:03:35","slug":"desde-otras-ciudades-6","status":"publish","type":"post","link":"http:\/\/elcuartopoder.com.mx\/nw\/internacionales\/desde-otras-ciudades-6\/","title":{"rendered":"Desde otras ciudades"},"content":{"rendered":"\n<p>Alemania cuenta con 16 estados federados de los cuales Baviera es tal vez el m\u00e1s popular, cuando se trata de la imagen que en el extranjero se tiene del pa\u00eds. De hecho, en recorridos tur\u00edsticos europeos se incluye esta capital estatal de forma preferente sobre Berl\u00edn.<\/p>\n\n\n\n<p>Ubicado al sur, se considera el estado m\u00e1s pr\u00f3spero y con una cuota considerablemente alta de orgullo nacional; en el \u00e1mbito ling\u00fc\u00edstico, el dialecto b\u00e1varo, el bairisch, no s\u00f3lo se transmite de padres a hijos, tambi\u00e9n es parte del programa escolar.<\/p>\n\n\n\n<p>Para quien se adentra en el estudio de la lengua resulta un reto enfrentarse a este dialecto, con gran esfuerzo aquel que domina un alto nivel del alem\u00e1n, ha de resignarse a entender si acaso un 50 por ciento del intercambio ling\u00fc\u00edstico en b\u00e1varo.<\/p>\n\n\n\n<p>Los atuendos femeninos, con pronunciados escotes, los pantalones cortos de piel con tirantes,&nbsp;<em>lederhosen<\/em>, son t\u00edpicos durante la fiesta de la cerveza que este a\u00f1o celebra su 190 edici\u00f3n. Se realiza en M\u00fanich, que tiene un mill\u00f3n 600 mil habitantes, con una riqueza cultural, hist\u00f3rica y art\u00edstica admirable combinada con la modernidad y, ante todo, una fuerte identidad regional.<\/p>\n\n\n\n<p>Aqu\u00ed existi\u00f3 un peque\u00f1o partido pol\u00edtico cuyo objetivo era la independencia de Alemania. La fundaci\u00f3n de la ciudad fue en el siglo XII por monjes benedictinos, de ah\u00ed su nombre en alem\u00e1n, M\u00fcnchen, cuyo significado es \u201cde los monjes\u201d.<\/p>\n\n\n\n<p>Esta ciudad se ha consolidado en un centro econ\u00f3mico y cultural europeo. Su casco hist\u00f3rico que fue completamente destruido en la Segunda Guerra Mundial se reconstruy\u00f3 de manera id\u00e9ntica para brindar a los ciudadanos y a los miles de visitantes la imagen de plazas conservadas, iglesias y palacios que narran la historia de la Baviera cat\u00f3lica.<\/p>\n\n\n\n<p>Uno de sus lugares emblem\u00e1ticos es la Marienplatz, la plaza central, presidida por el Neues Rathaus (Nuevo Ayuntamiento) con su famoso reloj mec\u00e1nico que atrae a multitudes dos veces al d\u00eda cuando las campanas de la torre comienzan a sonar y salen girando unas bellas figuras de tama\u00f1o natural que se sabe son personajes relacionados con la historia de la ciudad.<\/p>\n\n\n\n<p>A s\u00f3lo unos pasos de la plaza se alza la Frauenkirche, la iglesia de Nuestra Se\u00f1ora, catedral de la ciudad. Las torres gemelas se han convertido en un importante s\u00edmbolo. M\u00fanich tambi\u00e9n es un gran centro de arte europeo. Bajo el nombre de Kunstareal, o \u201cbarrio del arte\u201d, hay varios museos con importantes colecciones. Uno de ellos es la Alte Pinakothek o pinacoteca antigua, donde pueden admirarse los trabajos de artistas flamencos como Peter Paul Rubens, as\u00ed como otros artistas del renacimiento, el alem\u00e1n Alberto Durero, y los representantes del renacimiento italiano, Leonardo de Vinci o Boticceli.<\/p>\n\n\n\n<p>Adem\u00e1s, esta ciudad es punto de partida hacia lugares cargados de historia y belleza natural, monta\u00f1as ideales para practicar el senderismo en verano o esquiar en invierno. Tan s\u00f3lo a 100 kil\u00f3metros se encuentra uno de los castillos m\u00e1s famosos del mundo, el de Luis II de Baviera, Neuschwanstein, que fue inspiraci\u00f3n para construir el famoso de Disneylandia.<\/p>\n\n\n\n<p>Fuente: la jornada<\/p>\n","protected":false},"excerpt":{"rendered":"<p>Alemania cuenta con 16 estados federados de los cuales Baviera es tal vez el m\u00e1s popular, cuando se trata de la imagen que en el extranjero se tiene del pa\u00eds. De hecho, en recorridos tur\u00edsticos europeos se incluye esta capital estatal de forma preferente sobre Berl\u00edn. Ubicado al sur, se considera el estado m\u00e1s pr\u00f3spero [&hellip;]<\/p>\n","protected":false},"author":2,"featured_media":145426,"comment_status":"open","ping_status":"open","sticky":false,"template":"","format":"standard","meta":{"footnotes":""},"categories":[8],"tags":[],"class_list":["post-145425","post","type-post","status-publish","format-standard","has-post-thumbnail","hentry","category-internacionales"],"_links":{"self":[{"href":"http:\/\/elcuartopoder.com.mx\/nw\/wp-json\/wp\/v2\/posts\/145425","targetHints":{"allow":["GET"]}}],"collection":[{"href":"http:\/\/elcuartopoder.com.mx\/nw\/wp-json\/wp\/v2\/posts"}],"about":[{"href":"http:\/\/elcuartopoder.com.mx\/nw\/wp-json\/wp\/v2\/types\/post"}],"author":[{"embeddable":true,"href":"http:\/\/elcuartopoder.com.mx\/nw\/wp-json\/wp\/v2\/users\/2"}],"replies":[{"embeddable":true,"href":"http:\/\/elcuartopoder.com.mx\/nw\/wp-json\/wp\/v2\/comments?post=145425"}],"version-history":[{"count":1,"href":"http:\/\/elcuartopoder.com.mx\/nw\/wp-json\/wp\/v2\/posts\/145425\/revisions"}],"predecessor-version":[{"id":145427,"href":"http:\/\/elcuartopoder.com.mx\/nw\/wp-json\/wp\/v2\/posts\/145425\/revisions\/145427"}],"wp:featuredmedia":[{"embeddable":true,"href":"http:\/\/elcuartopoder.com.mx\/nw\/wp-json\/wp\/v2\/media\/145426"}],"wp:attachment":[{"href":"http:\/\/elcuartopoder.com.mx\/nw\/wp-json\/wp\/v2\/media?parent=145425"}],"wp:term":[{"taxonomy":"category","embeddable":true,"href":"http:\/\/elcuartopoder.com.mx\/nw\/wp-json\/wp\/v2\/categories?post=145425"},{"taxonomy":"post_tag","embeddable":true,"href":"http:\/\/elcuartopoder.com.mx\/nw\/wp-json\/wp\/v2\/tags?post=145425"}],"curies":[{"name":"wp","href":"https:\/\/api.w.org\/{rel}","templated":true}]}}