{"id":145429,"date":"2025-09-22T18:13:22","date_gmt":"2025-09-22T23:13:22","guid":{"rendered":"https:\/\/elcuartopoder.com.mx\/nw\/?p=145429"},"modified":"2025-09-22T18:13:23","modified_gmt":"2025-09-22T23:13:23","slug":"capturan-a-autor-intelectual-del-asesinato-de-mario-machuca-en-cancun","status":"publish","type":"post","link":"http:\/\/elcuartopoder.com.mx\/nw\/policiacas\/capturan-a-autor-intelectual-del-asesinato-de-mario-machuca-en-cancun\/","title":{"rendered":"Capturan a autor intelectual del asesinato de Mario Machuca en Canc\u00fan"},"content":{"rendered":"\n<p>Este lunes, la FGE confirm\u00f3 la detenci\u00f3n de Luis Fernando \u201cN\u201d, alias \u201cEl Inge\u201d o \u201cChimiskuil\u201d.<\/p>\n\n\n\n<p>El homicidio del exl\u00edder sindical Mario Machuca sigue arrojando piezas clave en la investigaci\u00f3n. Durante la conferencia de prensa de la Mesa de Seguridad de Quintana Roo, el fiscal estatal Raciel L\u00f3pez Salazar confirm\u00f3 la detenci\u00f3n de&nbsp;<strong>Luis Fernando \u201cN\u201d, alias \u201cEl Inge\u201d o \u201cChimiskuil\u201d<\/strong>, se\u00f1alado como presunto autor intelectual del crimen ocurrido el pasado 4 de agosto en Canc\u00fan.<\/p>\n\n\n\n<p>La ejecuci\u00f3n se registr\u00f3 el pasado lunes 4 de agosto de este 2025, en el estacionamiento de una empresa automotriz ubicada sobre la<strong>&nbsp;avenida Kabah, en la Supermanzana 42<\/strong>. De acuerdo con las investigaciones, dos hombres en motocicleta interceptaron a Machuca y lo acribillaron con siete disparos de arma calibre .45, dej\u00e1ndolo sin vida en el lugar.<\/p>\n\n\n\n<p>El detenido, de 53 a\u00f1os, no era un desconocido para la v\u00edctima. Fue chofer y asistente de Machuca, lo que le permiti\u00f3 conocer de cerca su rutina y movimientos. Seg\u00fan la Fiscal\u00eda, \u201c<strong>El Inge\u201d fue quien organiz\u00f3 y financi\u00f3 la ejecuci\u00f3n, contratando a los sicarios \u00c1ngel Jair \u201cN\u201d y Arnulfo \u201cN\u201d<\/strong>, a quienes pag\u00f3 hospedaje en un hotel tres d\u00edas antes del ataque, adem\u00e1s de proporcionarles recursos para consumar la agresi\u00f3n.<\/p>\n\n\n\n<figure class=\"wp-block-image size-full is-resized\"><img loading=\"lazy\" decoding=\"async\" width=\"580\" height=\"329\" src=\"https:\/\/elcuartopoder.com.mx\/nw\/wp-content\/uploads\/2025\/09\/1758555038896.jpg\" alt=\"\" class=\"wp-image-145430\" style=\"width:726px;height:auto\" srcset=\"http:\/\/elcuartopoder.com.mx\/nw\/wp-content\/uploads\/2025\/09\/1758555038896.jpg 580w, http:\/\/elcuartopoder.com.mx\/nw\/wp-content\/uploads\/2025\/09\/1758555038896-300x170.jpg 300w\" sizes=\"auto, (max-width: 580px) 100vw, 580px\" \/><\/figure>\n\n\n\n<p>El m\u00f3vil del crimen apunta a un conflicto interno de car\u00e1cter econ\u00f3mico y sindical. Luis Fernando, quien ostentaba un cargo como comisionado sindical, estaba inconforme por no recibir las comisiones que exig\u00eda,&nbsp;<strong>adem\u00e1s de acusar a Machuca de haberlo despojado de un terreno en Costa Mujeres y marginarlo de beneficios dentro de la organizaci\u00f3n<\/strong>, mientras favorec\u00eda a otros integrantes. La decisi\u00f3n de Machuca de extender su liderazgo habr\u00eda detonado la traici\u00f3n.<\/p>\n\n\n\n<p>Como parte de la investigaci\u00f3n, la<strong>&nbsp;Fiscal\u00eda asegur\u00f3 en Colima una camioneta Cherokee<\/strong>&nbsp;utilizada para vigilar los movimientos de la v\u00edctima, la cual ya fue trasladada a Canc\u00fan como prueba clave.<\/p>\n\n\n\n<p>Por estos hechos, un juez de control dict\u00f3 prisi\u00f3n preventiva contra Luis Fernando \u201cN\u201d mientras se define su situaci\u00f3n jur\u00eddica. Cabe recordar que ya enfrentan proceso tres c\u00f3mplices:<strong>&nbsp;\u00c1ngel Jair, de 21 a\u00f1os<\/strong>&nbsp;y originario de Puebla, se\u00f1alado como presunto tirador;&nbsp;<strong>Arnulfo, de 34 a\u00f1os<\/strong>, conductor de la motocicleta; y&nbsp;<strong>\u00d3scar Guillermo \u201cN\u201d, alias \u201cTyson\u201d<\/strong>, implicado en la planeaci\u00f3n del crimen.<\/p>\n\n\n\n<p>Las autoridades no descartan nuevas detenciones y subrayaron que el asesinato de Mario Machuca no fue producto del azar, sino una traici\u00f3n surgida desde su propio c\u00edrculo cercano.<\/p>\n\n\n\n<p>Fuente: SIPSE<\/p>\n","protected":false},"excerpt":{"rendered":"<p>Este lunes, la FGE confirm\u00f3 la detenci\u00f3n de Luis Fernando \u201cN\u201d, alias \u201cEl Inge\u201d o \u201cChimiskuil\u201d. El homicidio del exl\u00edder sindical Mario Machuca sigue arrojando piezas clave en la investigaci\u00f3n. Durante la conferencia de prensa de la Mesa de Seguridad de Quintana Roo, el fiscal estatal Raciel L\u00f3pez Salazar confirm\u00f3 la detenci\u00f3n de&nbsp;Luis Fernando \u201cN\u201d, [&hellip;]<\/p>\n","protected":false},"author":2,"featured_media":145431,"comment_status":"open","ping_status":"open","sticky":false,"template":"","format":"standard","meta":{"footnotes":""},"categories":[23],"tags":[],"class_list":["post-145429","post","type-post","status-publish","format-standard","has-post-thumbnail","hentry","category-policiacas"],"_links":{"self":[{"href":"http:\/\/elcuartopoder.com.mx\/nw\/wp-json\/wp\/v2\/posts\/145429","targetHints":{"allow":["GET"]}}],"collection":[{"href":"http:\/\/elcuartopoder.com.mx\/nw\/wp-json\/wp\/v2\/posts"}],"about":[{"href":"http:\/\/elcuartopoder.com.mx\/nw\/wp-json\/wp\/v2\/types\/post"}],"author":[{"embeddable":true,"href":"http:\/\/elcuartopoder.com.mx\/nw\/wp-json\/wp\/v2\/users\/2"}],"replies":[{"embeddable":true,"href":"http:\/\/elcuartopoder.com.mx\/nw\/wp-json\/wp\/v2\/comments?post=145429"}],"version-history":[{"count":1,"href":"http:\/\/elcuartopoder.com.mx\/nw\/wp-json\/wp\/v2\/posts\/145429\/revisions"}],"predecessor-version":[{"id":145432,"href":"http:\/\/elcuartopoder.com.mx\/nw\/wp-json\/wp\/v2\/posts\/145429\/revisions\/145432"}],"wp:featuredmedia":[{"embeddable":true,"href":"http:\/\/elcuartopoder.com.mx\/nw\/wp-json\/wp\/v2\/media\/145431"}],"wp:attachment":[{"href":"http:\/\/elcuartopoder.com.mx\/nw\/wp-json\/wp\/v2\/media?parent=145429"}],"wp:term":[{"taxonomy":"category","embeddable":true,"href":"http:\/\/elcuartopoder.com.mx\/nw\/wp-json\/wp\/v2\/categories?post=145429"},{"taxonomy":"post_tag","embeddable":true,"href":"http:\/\/elcuartopoder.com.mx\/nw\/wp-json\/wp\/v2\/tags?post=145429"}],"curies":[{"name":"wp","href":"https:\/\/api.w.org\/{rel}","templated":true}]}}