{"id":145440,"date":"2025-09-23T06:22:49","date_gmt":"2025-09-23T11:22:49","guid":{"rendered":"https:\/\/elcuartopoder.com.mx\/nw\/?p=145440"},"modified":"2025-09-23T06:22:50","modified_gmt":"2025-09-23T11:22:50","slug":"empresarios-piden-mayor-participacion-juvenil-en-la-actualizacion-del-pdu-de-playa-del-carmen","status":"publish","type":"post","link":"http:\/\/elcuartopoder.com.mx\/nw\/municipales\/empresarios-piden-mayor-participacion-juvenil-en-la-actualizacion-del-pdu-de-playa-del-carmen\/","title":{"rendered":"Empresarios piden mayor participaci\u00f3n juvenil en la actualizaci\u00f3n del PDU de Playa del Carmen"},"content":{"rendered":"\n<p><strong>PLAYA DEL CARMEN, MX.\u2013<\/strong>&nbsp;La actualizaci\u00f3n del Programa de Desarrollo Urbano (PDU) de Playa del Carmen debe contar con la participaci\u00f3n de todos los sectores sociales, especialmente de los j\u00f3venes, se\u00f1al\u00f3 el presidente del Consejo Coordinador Empresarial de la Riviera Maya, Ram\u00f3n C\u00e1rdenas Gonz\u00e1lez.<\/p>\n\n\n\n<p>El dirigente empresarial subray\u00f3 que las nuevas generaciones deben involucrarse activamente, pues ser\u00e1n ellas quienes vivan de manera directa las consecuencias de las decisiones que hoy se tomen.<\/p>\n\n\n\n<p>\u201cAh\u00ed es donde tenemos que manifestarlo\u201d, expres\u00f3 C\u00e1rdenas al destacar la relevancia de la voz juvenil en este proceso.<\/p>\n\n\n\n<p>Asimismo, consider\u00f3 necesario que las autoridades ajusten los horarios de los talleres de consulta ciudadana para facilitar la asistencia de m\u00e1s sectores de la poblaci\u00f3n. Propuso que no se concentren \u00fanicamente en las tardes de d\u00edas h\u00e1biles, sino que tambi\u00e9n se organicen en fines de semana, por ejemplo, los s\u00e1bados por la ma\u00f1ana, con el fin de garantizar una convocatoria m\u00e1s amplia.<\/p>\n\n\n\n<p>C\u00e1rdenas agreg\u00f3 que esta apertura de horarios no solo deber\u00eda aplicarse al PDU, sino tambi\u00e9n a otros temas de inter\u00e9s colectivo como la movilidad y el transporte.<\/p>\n\n\n\n<p>Fuente: NC<\/p>\n","protected":false},"excerpt":{"rendered":"<p>PLAYA DEL CARMEN, MX.\u2013&nbsp;La actualizaci\u00f3n del Programa de Desarrollo Urbano (PDU) de Playa del Carmen debe contar con la participaci\u00f3n de todos los sectores sociales, especialmente de los j\u00f3venes, se\u00f1al\u00f3 el presidente del Consejo Coordinador Empresarial de la Riviera Maya, Ram\u00f3n C\u00e1rdenas Gonz\u00e1lez. El dirigente empresarial subray\u00f3 que las nuevas generaciones deben involucrarse activamente, pues [&hellip;]<\/p>\n","protected":false},"author":2,"featured_media":145441,"comment_status":"open","ping_status":"open","sticky":false,"template":"","format":"standard","meta":{"footnotes":""},"categories":[6,21],"tags":[],"class_list":["post-145440","post","type-post","status-publish","format-standard","has-post-thumbnail","hentry","category-municipales","category-solidaridad"],"_links":{"self":[{"href":"http:\/\/elcuartopoder.com.mx\/nw\/wp-json\/wp\/v2\/posts\/145440","targetHints":{"allow":["GET"]}}],"collection":[{"href":"http:\/\/elcuartopoder.com.mx\/nw\/wp-json\/wp\/v2\/posts"}],"about":[{"href":"http:\/\/elcuartopoder.com.mx\/nw\/wp-json\/wp\/v2\/types\/post"}],"author":[{"embeddable":true,"href":"http:\/\/elcuartopoder.com.mx\/nw\/wp-json\/wp\/v2\/users\/2"}],"replies":[{"embeddable":true,"href":"http:\/\/elcuartopoder.com.mx\/nw\/wp-json\/wp\/v2\/comments?post=145440"}],"version-history":[{"count":1,"href":"http:\/\/elcuartopoder.com.mx\/nw\/wp-json\/wp\/v2\/posts\/145440\/revisions"}],"predecessor-version":[{"id":145442,"href":"http:\/\/elcuartopoder.com.mx\/nw\/wp-json\/wp\/v2\/posts\/145440\/revisions\/145442"}],"wp:featuredmedia":[{"embeddable":true,"href":"http:\/\/elcuartopoder.com.mx\/nw\/wp-json\/wp\/v2\/media\/145441"}],"wp:attachment":[{"href":"http:\/\/elcuartopoder.com.mx\/nw\/wp-json\/wp\/v2\/media?parent=145440"}],"wp:term":[{"taxonomy":"category","embeddable":true,"href":"http:\/\/elcuartopoder.com.mx\/nw\/wp-json\/wp\/v2\/categories?post=145440"},{"taxonomy":"post_tag","embeddable":true,"href":"http:\/\/elcuartopoder.com.mx\/nw\/wp-json\/wp\/v2\/tags?post=145440"}],"curies":[{"name":"wp","href":"https:\/\/api.w.org\/{rel}","templated":true}]}}