{"id":145452,"date":"2025-09-23T06:35:43","date_gmt":"2025-09-23T11:35:43","guid":{"rendered":"https:\/\/elcuartopoder.com.mx\/nw\/?p=145452"},"modified":"2025-09-23T06:35:44","modified_gmt":"2025-09-23T11:35:44","slug":"ousmane-dembele-delantero-del-psg-gana-su-primer-balon-de-oro","status":"publish","type":"post","link":"http:\/\/elcuartopoder.com.mx\/nw\/entretenimiento\/deportes\/ousmane-dembele-delantero-del-psg-gana-su-primer-balon-de-oro\/","title":{"rendered":"Ousmane Demb\u00e9l\u00e9, delantero del PSG, gana su primer Bal\u00f3n de Oro"},"content":{"rendered":"\n<p>Sus 35 goles y 16 pases de gol, as\u00ed como el t\u00edtulo del PSG en la Champions, en Ligue 1 y en Copa francesa pesaron en el resultado de la votaci\u00f3n de los periodistas, por delante de Lamine Yamal.<\/p>\n\n\n\n<p>El delantero del Par\u00eds SG,&nbsp;<strong>Ousmane Demb\u00e9l\u00e9<\/strong>, fue galardonado este lunes con el&nbsp;<strong>Bal\u00f3n de Oro<\/strong>, en una ceremonia organizada en el teatro del Chatelet de Par\u00eds, convirti\u00e9ndose en el sexto jugador franc\u00e9s en recibir la recompensa suprema.<\/p>\n\n\n\n<p>El nombre del &#8217;10&#8217; parisino fue pronunciado por el brasile\u00f1o Ronaldinho en el \u00faltimo premio de la noche, en medio de los aplausos de la mayor\u00eda de los espectadores, que hab\u00edan coreado su nombre minutos antes.<\/p>\n\n\n\n<p>Sus 35 goles y 16 pases de gol, as\u00ed como el t\u00edtulo del<strong>&nbsp;PSG en la Champions<\/strong>, en Ligue 1 y en Copa francesa pesaron en el resultado de la votaci\u00f3n de los periodistas, por delante de Lamine Yamal.<\/p>\n\n\n\n<p>\u00abGracias, realmente no tengo palabras, fue una temporada incre\u00edble con el Par\u00eds SG, doy las gracias al PSG, que vino a buscarme en 2023\u00bb, declar\u00f3 Ousmane Demb\u00e9l\u00e9.<\/p>\n\n\n\n<p>\u00abPr\u00e1cticamente lo ganamos todo, este trofeo individual es el colectivo el que lo logr\u00f3\u00bb, a\u00f1adi\u00f3 el exjugador del FC Barcelona. \u00abEl&nbsp;<strong>Bal\u00f3n de Oro<\/strong>&nbsp;no fue un objetivo en mi carrera, pero trabaj\u00e9 por el equipo para ganar la Liga de Campeones\u00bb.<\/p>\n\n\n\n<p><strong>Ousmane Demb\u00e9l\u00e9<\/strong>&nbsp;protagoniz\u00f3 una verdadera transformaci\u00f3n en apenas unos meses. El jugador desequilibrante alabado por sus regates pero criticado por su falta de gol es ahora un finalizador.<\/p>\n\n\n\n<p>Y bajo la batuta de su&nbsp;<strong>entrenador Luis Enrique<\/strong>&nbsp;ha aumentado a\u00fan m\u00e1s su influencia sobre el juego, participando a menudo en la construcci\u00f3n.<\/p>\n\n\n\n<p>Sucede al espa\u00f1ol Rodri. El precedente Bal\u00f3n de Oro franc\u00e9s fue Karim Benzema, hace tres a\u00f1os.<\/p>\n\n\n\n<p>El PSG coloc\u00f3 a cinco jugadores en el top 10: adem\u00e1s de Demb\u00e9l\u00e9, Vitinha (3\u00ba), Achraf Hakimi (6\u00ba), Gianluigi Donnarumma (9\u00ba) y Nuno Mendes (10\u00ba).<\/p>\n\n\n\n<p>El PSG fue designado tambi\u00e9n mejor equipo masculino de la temporada.<\/p>\n\n\n\n<p>El&nbsp;<strong>trofeo Gerd M\u00fcller<\/strong>&nbsp;de mejor goleador de la temporada fue para el sueco Viktor Gy\u00f6keres, que pas\u00f3 el pasado verano europeo del Sporting de Portugal al Arsenal, y a la jugadora polaca del FC Barcelona Ewa Pajor.<\/p>\n\n\n\n<p>Fuente: eleconomista<\/p>\n","protected":false},"excerpt":{"rendered":"<p>Sus 35 goles y 16 pases de gol, as\u00ed como el t\u00edtulo del PSG en la Champions, en Ligue 1 y en Copa francesa pesaron en el resultado de la votaci\u00f3n de los periodistas, por delante de Lamine Yamal. El delantero del Par\u00eds SG,&nbsp;Ousmane Demb\u00e9l\u00e9, fue galardonado este lunes con el&nbsp;Bal\u00f3n de Oro, en una [&hellip;]<\/p>\n","protected":false},"author":2,"featured_media":145453,"comment_status":"open","ping_status":"open","sticky":false,"template":"","format":"standard","meta":{"footnotes":""},"categories":[7],"tags":[],"class_list":["post-145452","post","type-post","status-publish","format-standard","has-post-thumbnail","hentry","category-deportes"],"_links":{"self":[{"href":"http:\/\/elcuartopoder.com.mx\/nw\/wp-json\/wp\/v2\/posts\/145452","targetHints":{"allow":["GET"]}}],"collection":[{"href":"http:\/\/elcuartopoder.com.mx\/nw\/wp-json\/wp\/v2\/posts"}],"about":[{"href":"http:\/\/elcuartopoder.com.mx\/nw\/wp-json\/wp\/v2\/types\/post"}],"author":[{"embeddable":true,"href":"http:\/\/elcuartopoder.com.mx\/nw\/wp-json\/wp\/v2\/users\/2"}],"replies":[{"embeddable":true,"href":"http:\/\/elcuartopoder.com.mx\/nw\/wp-json\/wp\/v2\/comments?post=145452"}],"version-history":[{"count":1,"href":"http:\/\/elcuartopoder.com.mx\/nw\/wp-json\/wp\/v2\/posts\/145452\/revisions"}],"predecessor-version":[{"id":145454,"href":"http:\/\/elcuartopoder.com.mx\/nw\/wp-json\/wp\/v2\/posts\/145452\/revisions\/145454"}],"wp:featuredmedia":[{"embeddable":true,"href":"http:\/\/elcuartopoder.com.mx\/nw\/wp-json\/wp\/v2\/media\/145453"}],"wp:attachment":[{"href":"http:\/\/elcuartopoder.com.mx\/nw\/wp-json\/wp\/v2\/media?parent=145452"}],"wp:term":[{"taxonomy":"category","embeddable":true,"href":"http:\/\/elcuartopoder.com.mx\/nw\/wp-json\/wp\/v2\/categories?post=145452"},{"taxonomy":"post_tag","embeddable":true,"href":"http:\/\/elcuartopoder.com.mx\/nw\/wp-json\/wp\/v2\/tags?post=145452"}],"curies":[{"name":"wp","href":"https:\/\/api.w.org\/{rel}","templated":true}]}}