{"id":145455,"date":"2025-09-23T06:38:57","date_gmt":"2025-09-23T11:38:57","guid":{"rendered":"https:\/\/elcuartopoder.com.mx\/nw\/?p=145455"},"modified":"2025-09-23T06:38:58","modified_gmt":"2025-09-23T11:38:58","slug":"encuentran-sin-vida-a-colombianos-bayron-sanchez-y-jorge-herrera-presentaban-huellas-de-violencia","status":"publish","type":"post","link":"http:\/\/elcuartopoder.com.mx\/nw\/internacionales\/encuentran-sin-vida-a-colombianos-bayron-sanchez-y-jorge-herrera-presentaban-huellas-de-violencia\/","title":{"rendered":"Encuentran sin vida a colombianos Bayron S\u00e1nchez y Jorge Herrera; presentaban huellas de violencia"},"content":{"rendered":"\n<p><em>Ciudad de M\u00e9xico.&nbsp;<\/em>Autoridades del Estado de M\u00e9xico hallaron el pasado 17 de septiembre dos cuerpos con signos de violencia en el Municipio de Cocotitl\u00e1n, que&nbsp; pertenecen al cantante Bayron S\u00e1nchez alias B-King y Jorge Herrera alias Regio Clown.<\/p>\n\n\n\n<p>Reportes se\u00f1alan que el hallazgo se realiz\u00f3 en la carretera, hasta donde presuntamente trasladaron los cuerpos para abandonarlos un d\u00eda despu\u00e9s de su desaparici\u00f3n.<\/p>\n\n\n\n<p>Los cuerpos se encontraban maniatados y tapados con bolsas de hule color negro.<\/p>\n\n\n\n<p>Familiares de Bayron S\u00e1nchez fueron trasladados este d\u00eda hasta esa entidad para el reconocimiento de los cuerpos, contaron fuentes ministeriales.<\/p>\n\n\n\n<p>La Fiscal\u00eda General de Justicia de la Ciudad de M\u00e9xico (FGJCDMX) confirm\u00f3 que personal de servicios periciales de la FGJEM realiz\u00f3 la confronta de los perfiles de los desaparecidos y encontr\u00f3 coincidencias con dos personas fallecidas que fueron localizadas el 17 de septiembre en el municipio de Cocotitl\u00e1n. Ante estos hechos, la FGJEM conduce una investigaci\u00f3n por homicidio.<\/p>\n\n\n\n<p>Este lunes 22 de septiembre, los familiares de Bayron S\u00e1nchez Salazar lo reconocieron durante una diligencia realizada en la Subprocuradur\u00eda Regional de Tlalnepantla de la FGJEM, en San Pedro Barrientos.<\/p>\n\n\n\n<p>Fuente: la jornada<\/p>\n","protected":false},"excerpt":{"rendered":"<p>Ciudad de M\u00e9xico.&nbsp;Autoridades del Estado de M\u00e9xico hallaron el pasado 17 de septiembre dos cuerpos con signos de violencia en el Municipio de Cocotitl\u00e1n, que&nbsp; pertenecen al cantante Bayron S\u00e1nchez alias B-King y Jorge Herrera alias Regio Clown. Reportes se\u00f1alan que el hallazgo se realiz\u00f3 en la carretera, hasta donde presuntamente trasladaron los cuerpos para [&hellip;]<\/p>\n","protected":false},"author":2,"featured_media":145456,"comment_status":"open","ping_status":"open","sticky":false,"template":"","format":"standard","meta":{"footnotes":""},"categories":[8],"tags":[],"class_list":["post-145455","post","type-post","status-publish","format-standard","has-post-thumbnail","hentry","category-internacionales"],"_links":{"self":[{"href":"http:\/\/elcuartopoder.com.mx\/nw\/wp-json\/wp\/v2\/posts\/145455","targetHints":{"allow":["GET"]}}],"collection":[{"href":"http:\/\/elcuartopoder.com.mx\/nw\/wp-json\/wp\/v2\/posts"}],"about":[{"href":"http:\/\/elcuartopoder.com.mx\/nw\/wp-json\/wp\/v2\/types\/post"}],"author":[{"embeddable":true,"href":"http:\/\/elcuartopoder.com.mx\/nw\/wp-json\/wp\/v2\/users\/2"}],"replies":[{"embeddable":true,"href":"http:\/\/elcuartopoder.com.mx\/nw\/wp-json\/wp\/v2\/comments?post=145455"}],"version-history":[{"count":1,"href":"http:\/\/elcuartopoder.com.mx\/nw\/wp-json\/wp\/v2\/posts\/145455\/revisions"}],"predecessor-version":[{"id":145457,"href":"http:\/\/elcuartopoder.com.mx\/nw\/wp-json\/wp\/v2\/posts\/145455\/revisions\/145457"}],"wp:featuredmedia":[{"embeddable":true,"href":"http:\/\/elcuartopoder.com.mx\/nw\/wp-json\/wp\/v2\/media\/145456"}],"wp:attachment":[{"href":"http:\/\/elcuartopoder.com.mx\/nw\/wp-json\/wp\/v2\/media?parent=145455"}],"wp:term":[{"taxonomy":"category","embeddable":true,"href":"http:\/\/elcuartopoder.com.mx\/nw\/wp-json\/wp\/v2\/categories?post=145455"},{"taxonomy":"post_tag","embeddable":true,"href":"http:\/\/elcuartopoder.com.mx\/nw\/wp-json\/wp\/v2\/tags?post=145455"}],"curies":[{"name":"wp","href":"https:\/\/api.w.org\/{rel}","templated":true}]}}