{"id":145477,"date":"2025-09-23T09:05:33","date_gmt":"2025-09-23T14:05:33","guid":{"rendered":"https:\/\/elcuartopoder.com.mx\/nw\/?p=145477"},"modified":"2025-09-23T09:05:35","modified_gmt":"2025-09-23T14:05:35","slug":"donde-ver-el-balon-de-oro-2025-en-mexico-canal-y-horario","status":"publish","type":"post","link":"http:\/\/elcuartopoder.com.mx\/nw\/destacadas\/donde-ver-el-balon-de-oro-2025-en-mexico-canal-y-horario\/","title":{"rendered":"D\u00f3nde ver el Bal\u00f3n de Oro 2025 en M\u00e9xico: canal y horario"},"content":{"rendered":"\n<p>La ceremonia del Bal\u00f3n de Oro 2025 se celebra en Par\u00eds y promete una disputa hist\u00f3rica entre Demb\u00e9l\u00e9 y Lamine Yamal.<\/p>\n\n\n\n<p>El Bal\u00f3n de Oro 2025, considerado el reconocimiento individual m\u00e1s importante del f\u00fatbol, se entregar\u00e1 este lunes&nbsp;<strong>22 de septiembre en el Th\u00e9\u00e2tre du Ch\u00e2telet de Par\u00eds.<\/strong>&nbsp;El galard\u00f3n distingue a los mejores jugadores de la temporada 2024-25, tanto en la rama masculina como femenina.<\/p>\n\n\n\n<p>Adem\u00e1s, se entregar\u00e1n los trofeos Kopa (mejor jugador joven), Yashin (mejor portero), Gerd M\u00fcller (m\u00e1ximo goleador), entrenador\/a del a\u00f1o y club del a\u00f1o, inform\u00f3 el medio deportivo R\u00c9CORD.<\/p>\n\n\n\n<h2 class=\"wp-block-heading\">\u00bfC\u00f3mo se perfila la disputa por el premio principal?<\/h2>\n\n\n\n<p>La atenci\u00f3n est\u00e1 centrada en dos candidatos: Ousmane Demb\u00e9l\u00e9, l\u00edder ofensivo del Paris Saint-Germain, y Lamine Yamal, la joven promesa del Barcelona.<\/p>\n\n\n\n<p>Demb\u00e9l\u00e9 llega con el respaldo de una temporada sobresaliente en competiciones europeas, donde fue decisivo para su equipo.<\/p>\n\n\n\n<p>Por su parte, Yamal, con tan solo 18 a\u00f1os, firm\u00f3 una campa\u00f1a hist\u00f3rica con el Barcelona y la selecci\u00f3n espa\u00f1ola, lo que lo coloca como s\u00edmbolo de la nueva generaci\u00f3n del f\u00fatbol mundial.<\/p>\n\n\n\n<h2 class=\"wp-block-heading\">\u00bfPor qu\u00e9 genera tanta expectativa este evento?<\/h2>\n\n\n\n<p>El prestigio del Bal\u00f3n de Oro radica en su tradici\u00f3n como premio que reconoce la excelencia individual en el deporte.<\/p>\n\n\n\n<p>Seg\u00fan R\u00c9CORD, el inter\u00e9s en esta edici\u00f3n aumenta por el choque generacional entre un jugador consolidado como Demb\u00e9l\u00e9 y el talento emergente de Yamal.<\/p>\n\n\n\n<h2 class=\"wp-block-heading\">\u00bfD\u00f3nde y cu\u00e1ndo ver la ceremonia en M\u00e9xico?<\/h2>\n\n\n\n<p>La ceremonia del Bal\u00f3n de Oro 2025 se transmitir\u00e1 en M\u00e9xico el&nbsp;<strong>lunes 22 de septiembre a las 12:00<\/strong>&nbsp;horas (tiempo del centro). La transmisi\u00f3n estar\u00e1 disponible a trav\u00e9s de<strong>&nbsp;Claro Sports<\/strong>, que contar\u00e1 con cobertura completa del evento.<\/p>\n\n\n\n<p>Con esta edici\u00f3n, el Bal\u00f3n de Oro reafirma su estatus como la cita m\u00e1s esperada del calendario futbol\u00edstico internacional.<\/p>\n\n\n\n<p>Fuente: SIPSE<\/p>\n","protected":false},"excerpt":{"rendered":"<p>La ceremonia del Bal\u00f3n de Oro 2025 se celebra en Par\u00eds y promete una disputa hist\u00f3rica entre Demb\u00e9l\u00e9 y Lamine Yamal. El Bal\u00f3n de Oro 2025, considerado el reconocimiento individual m\u00e1s importante del f\u00fatbol, se entregar\u00e1 este lunes&nbsp;22 de septiembre en el Th\u00e9\u00e2tre du Ch\u00e2telet de Par\u00eds.&nbsp;El galard\u00f3n distingue a los mejores jugadores de la [&hellip;]<\/p>\n","protected":false},"author":2,"featured_media":145478,"comment_status":"open","ping_status":"open","sticky":false,"template":"","format":"standard","meta":{"footnotes":""},"categories":[59],"tags":[],"class_list":["post-145477","post","type-post","status-publish","format-standard","has-post-thumbnail","hentry","category-destacadas"],"_links":{"self":[{"href":"http:\/\/elcuartopoder.com.mx\/nw\/wp-json\/wp\/v2\/posts\/145477","targetHints":{"allow":["GET"]}}],"collection":[{"href":"http:\/\/elcuartopoder.com.mx\/nw\/wp-json\/wp\/v2\/posts"}],"about":[{"href":"http:\/\/elcuartopoder.com.mx\/nw\/wp-json\/wp\/v2\/types\/post"}],"author":[{"embeddable":true,"href":"http:\/\/elcuartopoder.com.mx\/nw\/wp-json\/wp\/v2\/users\/2"}],"replies":[{"embeddable":true,"href":"http:\/\/elcuartopoder.com.mx\/nw\/wp-json\/wp\/v2\/comments?post=145477"}],"version-history":[{"count":1,"href":"http:\/\/elcuartopoder.com.mx\/nw\/wp-json\/wp\/v2\/posts\/145477\/revisions"}],"predecessor-version":[{"id":145479,"href":"http:\/\/elcuartopoder.com.mx\/nw\/wp-json\/wp\/v2\/posts\/145477\/revisions\/145479"}],"wp:featuredmedia":[{"embeddable":true,"href":"http:\/\/elcuartopoder.com.mx\/nw\/wp-json\/wp\/v2\/media\/145478"}],"wp:attachment":[{"href":"http:\/\/elcuartopoder.com.mx\/nw\/wp-json\/wp\/v2\/media?parent=145477"}],"wp:term":[{"taxonomy":"category","embeddable":true,"href":"http:\/\/elcuartopoder.com.mx\/nw\/wp-json\/wp\/v2\/categories?post=145477"},{"taxonomy":"post_tag","embeddable":true,"href":"http:\/\/elcuartopoder.com.mx\/nw\/wp-json\/wp\/v2\/tags?post=145477"}],"curies":[{"name":"wp","href":"https:\/\/api.w.org\/{rel}","templated":true}]}}