{"id":145510,"date":"2025-09-23T15:23:09","date_gmt":"2025-09-23T20:23:09","guid":{"rendered":"https:\/\/elcuartopoder.com.mx\/nw\/?p=145510"},"modified":"2025-09-23T15:23:11","modified_gmt":"2025-09-23T20:23:11","slug":"eres-tu-batman-ellos-son-los-murcielagos-cuerpo-de-elite-del-ejercito-y-estas-son-sus-misiones","status":"publish","type":"post","link":"http:\/\/elcuartopoder.com.mx\/nw\/nacionales\/eres-tu-batman-ellos-son-los-murcielagos-cuerpo-de-elite-del-ejercito-y-estas-son-sus-misiones\/","title":{"rendered":"\u00bfEres tu, Batman? Ellos son los \u2018murci\u00e9lagos\u2019, cuerpo de \u00e9lite del Ej\u00e9rcito y estas son sus misiones"},"content":{"rendered":"\n<p>Los \u2018Murci\u00e9lagos\u2019, es decir, las Boinas Verdes o Fuerzas Especiales del Ej\u00e9rcito Mexicano, cumplen 35 a\u00f1os; entre sus misiones est\u00e1n la captura del \u2018Chapo\u2019 Guzm\u00e1n o la b\u00fasqueda del \u2018Mencho\u2019.<\/p>\n\n\n\n<p>El \u2018Murci\u00e9lago\u2019 vio a su presa y \u2018atac\u00f3\u2019. Pese a portar un estandarte del Ej\u00e9rcito Mexicano durante el\u00a0primer Desfile Militar de la presidenta Claudia Sheinbaum, el integrante del\u00a0Cuerpo de Fuerzas Especiales\u00a0rompi\u00f3 filas. Se acerc\u00f3 a un ni\u00f1o vestido de soldado. El militar se arranc\u00f3 un parche, salud\u00f3 al menor, chocaron las manos y sigui\u00f3 su marcha.<\/p>\n\n\n\n<p>Otro \u2018<strong>Murci\u00e9lago<\/strong>\u2019 se baj\u00f3 del veh\u00edculo en el que iba durante el\u00a0Desfile del 16 de Septiembre\u00a0para saludar a su familia que acudi\u00f3 a la parada militar para verlo\u00a0<strong>marchar junto al resto de sus compa\u00f1eros<\/strong>.<\/p>\n\n\n\n<p>Los dos soldados que rompieron el protocolo son parte del\u00a0<strong>Cuerpo de Fuerzas Especiales, conocidos como \u2018Murcielagos\u2019 y anteriormente como GAFES<\/strong>, un grupo de militares altamente entrenados y conocidos por su destreza y profesionalismo.<\/p>\n\n\n\n<h2 class=\"wp-block-heading\">\u00bfPor qu\u00e9 se llaman \u2018Murci\u00e9lagos\u2019?<\/h2>\n\n\n\n<p>El apodo \u2018Murci\u00e9lagos\u2019 no es un nombre oficial. Este sobrenombre hace referencia a la capacidad de la unidad del\u00a0Cuerpo de Fuerzas Especiales\u00a0para operar en condiciones de baja visibilidad y realizar misiones nocturnas con eficacia, sigilo y precisi\u00f3n.<\/p>\n\n\n\n<p>Estas caracter\u00edsticas se asocian com\u00fanmente con el comportamiento de los murci\u00e9lagos, que son animales nocturnos.<\/p>\n\n\n\n<p>Adem\u00e1s, el nombre simboliza el respeto y el temor que inspiran, dado su alto nivel de entrenamiento y la naturaleza cr\u00edtica de sus misiones.<\/p>\n\n\n\n<figure class=\"wp-block-image is-resized\"><img decoding=\"async\" src=\"https:\/\/www.elfinanciero.com.mx\/resizer\/v2\/OIYOJG35YVBZ5C7QEHAYYFAUKE.jpg?auth=5d943cd48bbb9c9cd1b96e526b727cd43bc18b80cb5e64089f69def09f4e1f9c&amp;width=400&amp;height=266&amp;quality=85\" alt=\"alt default\" style=\"width:726px;height:auto\"\/><figcaption class=\"wp-element-caption\">Un elemento del Ej\u00e9rcito Mexicano, perteneciente al Cuerpo de Fuerzas Especiales, en el campo de entrenamiento en Temantla, Estado de M\u00e9xico.&nbsp;(Cuartoscuro\/Guillermo Perea)<\/figcaption><\/figure>\n\n\n\n<h2 class=\"wp-block-heading\">Historia y evoluci\u00f3n del Cuerpo de Fuerzas Especiales del Ej\u00e9rcito Mexicano<\/h2>\n\n\n\n<p>La historia del cuerpo de \u2018Murci\u00e9lagos\u2019, similar a las\u00a0Boinas Verdes de Estados Unidos, comenz\u00f3 en los a\u00f1os noventa. En aquellos tiempos se creo el\u00a0<strong>Grupo Aerom\u00f3vil de Fuerzas Especiales<\/strong>, de ah\u00ed que tambi\u00e9n se les conoce como GAFEs.<\/p>\n\n\n\n<p>Desde sus inicios, el l Grupo Aerom\u00f3vil de Fuerzas Especiales se cre\u00f3 para fortalecer la capacidad de respuesta del Ej\u00e9rcito ante amenazas crecientes como el\u00a0narcotr\u00e1fico en M\u00e9xico\u00a0y posible terrorismo.<\/p>\n\n\n\n<p>A partir de 2004,&nbsp;<strong>el GAFE fue reestructurado y renombrado<\/strong>&nbsp;como el Cuerpo de Fuerzas Especiales, consolid\u00e1ndose como una unidad altamente especializada y profesional.<\/p>\n\n\n\n<figure class=\"wp-block-image is-resized\"><img decoding=\"async\" src=\"https:\/\/www.elfinanciero.com.mx\/resizer\/v2\/ORNHSOEOW5DB7CXZLCQ35F2FV4.jpg?auth=73313ffdaa350beadd598179110a9f2fc6972812bfe9a2582c36d11aadef1022&amp;width=400&amp;height=266&amp;quality=85\" alt=\"alt default\" style=\"width:726px;height:auto\"\/><figcaption class=\"wp-element-caption\">Elementos de los &#8216;Murci\u00e9lagos&#8217; del Ej\u00e9rcito Mexicano entrenan en el Centro De Adiestramiento De Fuerzas Especiales en Temamatla, Estado de M\u00e9xico.&nbsp;(Cuartoscuro\/Galo Ca\u00f1as Rodr\u00edguez)<\/figcaption><\/figure>\n\n\n\n<h3 class=\"wp-block-heading\">Proceso de selecci\u00f3n y entrenamiento riguroso<\/h3>\n\n\n\n<p>Ser parte de los \u2018Murci\u00e9lagos\u2019 no es una tarea f\u00e1cil. Los aspirantes deben ser soldados activos del\u00a0Ej\u00e9rcito Mexicano\u00a0y superar un proceso de selecci\u00f3n muy estricto. Esto incluye pruebas f\u00edsicas, m\u00e9dicas y psicol\u00f3gicas que eval\u00faan su fuerza, resistencia y disciplina.<\/p>\n\n\n\n<p>Quienes logran ingresar a la unidad deben someterse a un entrenamiento extremo en combate cuerpo a cuerpo, t\u00e9cnicas de infiltraci\u00f3n, paracaidismo, manejo de explosivos y supervivencia en entornos hostiles.<\/p>\n\n\n\n<p>El\u00a0centro de adiestramiento del Cuerpo de Fuerzas Especiales\u00a0se encuentra en Temamatla, Estado de M\u00e9xico.<\/p>\n\n\n\n<h3 class=\"wp-block-heading\">Organizaci\u00f3n y despliegue nacional de los \u2018Murci\u00e9lagos\u2019<\/h3>\n\n\n\n<p>Est\u00e1n organizados en seis batallones especializados y una Fuerza Especial Conjunta, lo que les permite llevar a cabo misiones estrat\u00e9gicas en diferentes regiones del pa\u00eds.<\/p>\n\n\n\n<p>Sus operaciones incluyen&nbsp;<strong>combate directo contra grupos del crimen organizado<\/strong>, misiones de rescate y operaciones encubiertas. Su eficacia ha sido reconocida internacionalmente, y su nivel de entrenamiento los coloca al nivel de otras fuerzas especiales del mundo.<\/p>\n\n\n\n<figure class=\"wp-block-image is-resized\"><img decoding=\"async\" src=\"https:\/\/www.elfinanciero.com.mx\/resizer\/v2\/7IDOHNCAFNANJJSQPP46SCLJQM.png?auth=e725f8605517704a6625ed18bf6f2a80e14adb4ea0f6ff2928a793126f0a505d&amp;width=400&amp;height=225&amp;quality=85\" alt=\"alt default\" style=\"width:726px;height:auto\"\/><figcaption class=\"wp-element-caption\">El Ej\u00e9rcito Mexicano tiene un Cuerpo de Fuerzas Especiales, conocido como &#8216;Murci\u00e9lagos&#8217;; han participado en operaciones como la captura del &#8216;Chapo&#8217; Guzm\u00e1n.&nbsp;(Cuartoscuro)<\/figcaption><\/figure>\n\n\n\n<h2 class=\"wp-block-heading\">Misiones y operaciones del Cuerpo de Fuerzas Especiales de M\u00e9xico<\/h2>\n\n\n\n<p>La naturaleza de las&nbsp;<strong>misiones de los \u2018Murci\u00e9lagos\u2019<\/strong>&nbsp;es diversa y compleja. Se enfrentan a situaciones cr\u00edticas que requieren un alto grado de precisi\u00f3n y control.<\/p>\n\n\n\n<p>Aunque muchas de sus operaciones son confidenciales, se sabe que han participado en importantes intervenciones contra el narcotr\u00e1fico y el terrorismo. Su reputaci\u00f3n se ha forjado en base a resultados concretos y su capacidad para cumplir objetivos en situaciones extremas.<\/p>\n\n\n\n<figure class=\"wp-block-image is-resized\"><img decoding=\"async\" src=\"https:\/\/www.elfinanciero.com.mx\/resizer\/v2\/P7LB7A2GBFGABB3WQIM2I3ZWEY.jpg?auth=fcbfb6046eb20ee1ecee80fc873aa9aa46afd2da5adb199c1a5d1d9bf7f2b478&amp;width=400&amp;height=266&amp;quality=85\" alt=\"alt default\" style=\"width:726px;height:auto\"\/><figcaption class=\"wp-element-caption\">La historia del cuerpo de &#8216;Murci\u00e9lagos&#8217; comenz\u00f3 en los a\u00f1os noventa con el Grupo Aerom\u00f3vil de Fuerzas Especiales, (GAFE).&nbsp;(Cuartoscuro\/Juan Pablo Zamora P\u00e9rez)<\/figcaption><\/figure>\n\n\n\n<h2 class=\"wp-block-heading\">Despliegues recientes y su impacto en la seguridad<\/h2>\n\n\n\n<p>En los \u00faltimos a\u00f1os, los \u2018Murci\u00e9lagos\u2019 han tenido un papel activo en la seguridad nacional, especialmente en regiones de alta conflictividad como Sinaloa y Jalisco.<\/p>\n\n\n\n<p>Su despliegue ha sido constante, con contingentes que oscilan entre 100 y 150 elementos, lo que refleja la necesidad de una respuesta t\u00e1ctica ante la ola de violencia en M\u00e9xico.<\/p>\n\n\n\n<p>De acuerdo con fuentes oficiales, los \u2018Murci\u00e9lagos\u2019 han participado en misiones como;<\/p>\n\n\n\n<ul class=\"wp-block-list\">\n<li>\u2060Captura de Joaqu\u00edn \u2018El Chapo\u2019 Guzm\u00e1n\u00a0(2016)<\/li>\n\n\n\n<li>\u2060Operaciones contra el\u00a0C\u00e1rtel Jalisco Nueva Generaci\u00f3n\u00a0(CJNG)<\/li>\n\n\n\n<li>\u2060Combate a\u00a0los Zetas\u00a0(2010-2011)<\/li>\n\n\n\n<li>\u2060Esfuerzos por detener a\u00a0Nemesio \u201cEl Mencho\u201d Oseguera Cervantes.<\/li>\n<\/ul>\n\n\n\n<h3 class=\"wp-block-heading\">Reconocimiento y competitividad internacional<\/h3>\n\n\n\n<p>Los \u2018Murci\u00e9lagos\u2019 no solo son reconocidos en M\u00e9xico, sino que tambi\u00e9n han demostrado su habilidad a nivel internacional.<\/p>\n\n\n\n<p>Participan en el&nbsp;<strong>torneo Fuerzas Comando<\/strong>, donde compiten con unidades de \u00e9lite de diferentes pa\u00edses. En la edici\u00f3n de 2025, obtuvieron el segundo lugar, destac\u00e1ndose especialmente en pruebas de francotiradores y combate cercano.<\/p>\n\n\n\n<p>Este tipo de competencias no solo ponen a prueba sus habilidades, sino que tambi\u00e9n fomentan el intercambio de conocimientos entre las fuerzas armadas de distintas naciones.<\/p>\n\n\n\n<p>Wall Street abre mixto en espera de los pr\u00f3ximos comentarios de Jerome Powell: Dow Jones repunta<\/p>\n\n\n\n<figure class=\"wp-block-embed is-type-video is-provider-youtube wp-block-embed-youtube wp-embed-aspect-16-9 wp-has-aspect-ratio\"><div class=\"wp-block-embed__wrapper\">\n<iframe loading=\"lazy\" title=\"\ud83d\udd34  Desfile Militar 16 de Septiembre 2025 | Primer desfile encabezado por Claudia Sheinbaum\" width=\"696\" height=\"392\" src=\"https:\/\/www.youtube.com\/embed\/0ZK7gQF1ngc?feature=oembed\" frameborder=\"0\" allow=\"accelerometer; autoplay; clipboard-write; encrypted-media; gyroscope; picture-in-picture; web-share\" referrerpolicy=\"strict-origin-when-cross-origin\" allowfullscreen><\/iframe>\n<\/div><\/figure>\n\n\n\n<p>Fuente: elfinanciero<\/p>\n","protected":false},"excerpt":{"rendered":"<p>Los \u2018Murci\u00e9lagos\u2019, es decir, las Boinas Verdes o Fuerzas Especiales del Ej\u00e9rcito Mexicano, cumplen 35 a\u00f1os; entre sus misiones est\u00e1n la captura del \u2018Chapo\u2019 Guzm\u00e1n o la b\u00fasqueda del \u2018Mencho\u2019. El \u2018Murci\u00e9lago\u2019 vio a su presa y \u2018atac\u00f3\u2019. Pese a portar un estandarte del Ej\u00e9rcito Mexicano durante el\u00a0primer Desfile Militar de la presidenta Claudia Sheinbaum, [&hellip;]<\/p>\n","protected":false},"author":2,"featured_media":145511,"comment_status":"open","ping_status":"open","sticky":false,"template":"","format":"standard","meta":{"footnotes":""},"categories":[55],"tags":[],"class_list":["post-145510","post","type-post","status-publish","format-standard","has-post-thumbnail","hentry","category-nacionales"],"_links":{"self":[{"href":"http:\/\/elcuartopoder.com.mx\/nw\/wp-json\/wp\/v2\/posts\/145510","targetHints":{"allow":["GET"]}}],"collection":[{"href":"http:\/\/elcuartopoder.com.mx\/nw\/wp-json\/wp\/v2\/posts"}],"about":[{"href":"http:\/\/elcuartopoder.com.mx\/nw\/wp-json\/wp\/v2\/types\/post"}],"author":[{"embeddable":true,"href":"http:\/\/elcuartopoder.com.mx\/nw\/wp-json\/wp\/v2\/users\/2"}],"replies":[{"embeddable":true,"href":"http:\/\/elcuartopoder.com.mx\/nw\/wp-json\/wp\/v2\/comments?post=145510"}],"version-history":[{"count":1,"href":"http:\/\/elcuartopoder.com.mx\/nw\/wp-json\/wp\/v2\/posts\/145510\/revisions"}],"predecessor-version":[{"id":145512,"href":"http:\/\/elcuartopoder.com.mx\/nw\/wp-json\/wp\/v2\/posts\/145510\/revisions\/145512"}],"wp:featuredmedia":[{"embeddable":true,"href":"http:\/\/elcuartopoder.com.mx\/nw\/wp-json\/wp\/v2\/media\/145511"}],"wp:attachment":[{"href":"http:\/\/elcuartopoder.com.mx\/nw\/wp-json\/wp\/v2\/media?parent=145510"}],"wp:term":[{"taxonomy":"category","embeddable":true,"href":"http:\/\/elcuartopoder.com.mx\/nw\/wp-json\/wp\/v2\/categories?post=145510"},{"taxonomy":"post_tag","embeddable":true,"href":"http:\/\/elcuartopoder.com.mx\/nw\/wp-json\/wp\/v2\/tags?post=145510"}],"curies":[{"name":"wp","href":"https:\/\/api.w.org\/{rel}","templated":true}]}}