{"id":145519,"date":"2025-09-23T15:33:39","date_gmt":"2025-09-23T20:33:39","guid":{"rendered":"https:\/\/elcuartopoder.com.mx\/nw\/?p=145519"},"modified":"2025-09-23T15:33:41","modified_gmt":"2025-09-23T20:33:41","slug":"dalilah-polanco-es-la-protagonista-de-un-video-de-banda-el-recodo-y-pocos-los-sabian","status":"publish","type":"post","link":"http:\/\/elcuartopoder.com.mx\/nw\/entretenimiento\/espectaculos\/dalilah-polanco-es-la-protagonista-de-un-video-de-banda-el-recodo-y-pocos-los-sabian\/","title":{"rendered":"Dal\u00edlah Polanco es la protagonista de un video de Banda El Recodo y pocos los sab\u00edan"},"content":{"rendered":"\n<p>La estrella de La Casa de los Famosos M\u00e9xico dio a conocer que es la modelo que aparece en el video oficial de una de las canciones m\u00e1s emblem\u00e1ticas de la &#8216;Madre de todas las bandas&#8217;<\/p>\n\n\n\n<p><strong>Dal\u00edlah Polanco&nbsp;<\/strong>es una de las estrellas m\u00e1s importantes de la&nbsp;<strong>televisi\u00f3n&nbsp;<\/strong>y el&nbsp;<strong>teatro&nbsp;<\/strong>en&nbsp;<strong>M\u00e9xico<\/strong>, por lo que ha participado en importantes proyectos, tal y como convertirse en la modelo y la protagonista de la historia del video musical de&nbsp;<strong>Banda El Recodo<\/strong>&nbsp;de&nbsp;<strong>Don Cruz Liz\u00e1rraga<\/strong>.<\/p>\n\n\n\n<p>La estrella de&nbsp;<strong>La Casa de los Famosos M\u00e9xico&nbsp;<\/strong>dio a conocer que es la modelo que aparece en el video oficial de una de las canciones m\u00e1s emblem\u00e1ticas de la &#8216;Madre de todas las bandas&#8217;, se trata de&nbsp;<strong>Ac\u00e1bame de matar<\/strong>, una pieza que fue lanzada en 1996 como parte del disco&nbsp;<strong>Desde el Cielo<\/strong>&nbsp;y Para siempre.<\/p>\n\n\n\n<p><strong>Ac\u00e1bame de matar<\/strong>\u00a0es una pieza muy querida en la carrera de<strong>\u00a0Banda El Recodo<\/strong>\u00a0y sobre todo porque es de las canciones que interpret\u00f3 inicialmente\u00a0<strong>Julio Preciado<\/strong>, uno de los vocalistas m\u00e1s reconocidos de la agrupaci\u00f3n sinaloense, estado del que tambi\u00e9n es originaria<strong>\u00a0Dal\u00edlah Polanco<\/strong>.<\/p>\n\n\n\n<p>Fuente: Heraldo de M\u00e9xico<\/p>\n","protected":false},"excerpt":{"rendered":"<p>La estrella de La Casa de los Famosos M\u00e9xico dio a conocer que es la modelo que aparece en el video oficial de una de las canciones m\u00e1s emblem\u00e1ticas de la &#8216;Madre de todas las bandas&#8217; Dal\u00edlah Polanco&nbsp;es una de las estrellas m\u00e1s importantes de la&nbsp;televisi\u00f3n&nbsp;y el&nbsp;teatro&nbsp;en&nbsp;M\u00e9xico, por lo que ha participado en importantes proyectos, [&hellip;]<\/p>\n","protected":false},"author":2,"featured_media":145520,"comment_status":"open","ping_status":"open","sticky":false,"template":"","format":"standard","meta":{"footnotes":""},"categories":[11],"tags":[],"class_list":["post-145519","post","type-post","status-publish","format-standard","has-post-thumbnail","hentry","category-espectaculos"],"_links":{"self":[{"href":"http:\/\/elcuartopoder.com.mx\/nw\/wp-json\/wp\/v2\/posts\/145519","targetHints":{"allow":["GET"]}}],"collection":[{"href":"http:\/\/elcuartopoder.com.mx\/nw\/wp-json\/wp\/v2\/posts"}],"about":[{"href":"http:\/\/elcuartopoder.com.mx\/nw\/wp-json\/wp\/v2\/types\/post"}],"author":[{"embeddable":true,"href":"http:\/\/elcuartopoder.com.mx\/nw\/wp-json\/wp\/v2\/users\/2"}],"replies":[{"embeddable":true,"href":"http:\/\/elcuartopoder.com.mx\/nw\/wp-json\/wp\/v2\/comments?post=145519"}],"version-history":[{"count":1,"href":"http:\/\/elcuartopoder.com.mx\/nw\/wp-json\/wp\/v2\/posts\/145519\/revisions"}],"predecessor-version":[{"id":145521,"href":"http:\/\/elcuartopoder.com.mx\/nw\/wp-json\/wp\/v2\/posts\/145519\/revisions\/145521"}],"wp:featuredmedia":[{"embeddable":true,"href":"http:\/\/elcuartopoder.com.mx\/nw\/wp-json\/wp\/v2\/media\/145520"}],"wp:attachment":[{"href":"http:\/\/elcuartopoder.com.mx\/nw\/wp-json\/wp\/v2\/media?parent=145519"}],"wp:term":[{"taxonomy":"category","embeddable":true,"href":"http:\/\/elcuartopoder.com.mx\/nw\/wp-json\/wp\/v2\/categories?post=145519"},{"taxonomy":"post_tag","embeddable":true,"href":"http:\/\/elcuartopoder.com.mx\/nw\/wp-json\/wp\/v2\/tags?post=145519"}],"curies":[{"name":"wp","href":"https:\/\/api.w.org\/{rel}","templated":true}]}}