{"id":145525,"date":"2025-09-24T09:06:24","date_gmt":"2025-09-24T14:06:24","guid":{"rendered":"https:\/\/elcuartopoder.com.mx\/nw\/?p=145525"},"modified":"2025-09-24T09:06:26","modified_gmt":"2025-09-24T14:06:26","slug":"manager-de-b-king-ventila-a-policia-de-cdmx-me-pidieron-esperar-24-horas-para-denunciar-desaparicion","status":"publish","type":"post","link":"http:\/\/elcuartopoder.com.mx\/nw\/destacadas\/manager-de-b-king-ventila-a-policia-de-cdmx-me-pidieron-esperar-24-horas-para-denunciar-desaparicion\/","title":{"rendered":"M\u00e1nager de B King \u2018ventila\u2019 a polic\u00eda de CDMX: \u2018Me pidieron esperar 24 horas para denunciar desaparici\u00f3n\u2019"},"content":{"rendered":"\n<p>El m\u00e1nager de B King denunci\u00f3 la desaparici\u00f3n de los cantantes colombianos 24 horas despu\u00e9s a petici\u00f3n de la polic\u00eda.<\/p>\n\n\n\n<p><strong>Juan Camilo Gallego<\/strong>, el\u00a0m\u00e1nager de B King, cont\u00f3 que tras la desaparici\u00f3n de los cantantes colombianos en la Ciudad de M\u00e9xico levant\u00f3 la denuncia, pero recibi\u00f3 una negativa de las autoridades.<\/p>\n\n\n\n<p>\u201cEn la madrugada hice una llamada a la polic\u00eda para decir lo que pasaba y ellos me dec\u00edan que ten\u00edan que pasar 24 horas para poner una denuncia por desaparici\u00f3n\u201d, dijo en una entrevista con el medio colombiano&nbsp;<em>Bluradio<\/em>.<\/p>\n\n\n\n<p>Gallego asegur\u00f3 que el \u00faltimo mensaje que tuvo con\u00a0B King\u00a0fue a las 16:36 horas, cuando le avis\u00f3 que ver\u00eda a unas personas y se encontrar\u00edan m\u00e1s tarde para concretar una\u00a0<strong>cita con empresarios mexicanos<\/strong>.<\/p>\n\n\n\n<p>Sin embargo,\u00a0B King\u00a0ya no regres\u00f3 y tanto \u00e9l como Jorge Herrera dejaron de responder llamadas y mensajes en el celular.<\/p>\n\n\n\n<h2 class=\"wp-block-heading\">As\u00ed fue el hallazgo de los cuerpos de los cantantes colombianos<\/h2>\n\n\n\n<p>La\u00a0<strong>\u00faltima ubicaci\u00f3n<\/strong>\u00a0que registr\u00f3 el celular de\u00a0B King\u00a0fue a 45 minutos de Polanco, zona donde fue visto, y se trat\u00f3 de un \u00e1rea ubicada en la alcald\u00eda Iztapalapa, seg\u00fan cont\u00f3 su manager.<\/p>\n\n\n\n<p>Tras haber esperado 24 horas, Gallego levant\u00f3 la denuncia por desaparici\u00f3n, pero no le fueron notificados los avances de la investigaci\u00f3n.<\/p>\n\n\n\n<p>Los\u00a0cuerpos de B King y Jorge Herrera\u00a0fueron encontrados el pasado 17 de septiembre, a tan solo un d\u00eda de su desaparici\u00f3n; sin embargo, permanecieron en calidad de\u00a0<strong>desconocidos en la Fiscal\u00eda del Estado de M\u00e9xico<\/strong>.<\/p>\n\n\n\n<p>Fue hasta la tarde del lunes cuando se confirm\u00f3 la muerte de ambos al ser reconocidos por sus familiares, en particular,\u00a0Byron S\u00e1nchez\u00a0fue identificado por sus tatuajes.<\/p>\n\n\n\n<h2 class=\"wp-block-heading\">Fiscal\u00eda confirma muerte de cantantes colombianos<\/h2>\n\n\n\n<p>La<strong>&nbsp;Fiscal\u00eda General de Justicia de la Ciudad de M\u00e9xico (FGJCDMX)<\/strong>&nbsp;confirm\u00f3 el hallazgo sin vida de los m\u00fasicos colombianos, quienes hab\u00edan sido reportados como desaparecidos tras una gira en el pa\u00eds y avis\u00f3 que iniciar\u00e1 una investigaci\u00f3n por homicidio.<\/p>\n\n\n\n<p>La FGJCDMX se\u00f1al\u00f3 que se estableci\u00f3 como el \u00faltimo paradero de ambos artistas en el Estado de M\u00e9xico, por lo que comenz\u00f3 una colaboraci\u00f3n con la Fiscal\u00eda de aquel estado (FGJEM).<\/p>\n\n\n\n<p>\u201cGracias a esta&nbsp;<strong>coordinaci\u00f3n<\/strong>, personal de servicios periciales de la FGJEM realiz\u00f3 la confronta de los perfiles de los desaparecidos y encontr\u00f3 coincidencias con dos personas fallecidas que fueron localizadas el 17 de septiembre en el municipio de Cocotitl\u00e1n.<\/p>\n\n\n\n<p>Ante estos hechos, la FGJEM conduce una investigaci\u00f3n por homicidio\u201d, expuso la dependencia capitalina.<\/p>\n\n\n\n<p>El lugar donde&nbsp;<strong>se hallaron sus cuerpos<\/strong>, a las afueras de la CDMX, se encuentra m\u00e1s de 50 kil\u00f3metros al sureste de donde se tuvo el \u00faltimo contacto con ellos.<\/p>\n\n\n\n<p>B King, de 31 a\u00f1os, y Jorge Herrera, de 35, hab\u00edan desaparecido el pasado 16 de septiembre, seg\u00fan versiones, luego de asistir a un gimnasio en Polanco.<\/p>\n\n\n\n<p>Tras su desaparici\u00f3n, la&nbsp;<strong>Comisi\u00f3n de B\u00fasqueda de Personas<\/strong>&nbsp;de la Ciudad de M\u00e9xico emiti\u00f3 dos fichas de b\u00fasqueda por los cantantes, que hab\u00edan tenido una presentaci\u00f3n el fin de semana previo.<\/p>\n\n\n\n<p>El domingo, en su cuenta de X, el\u00a0presidente colombiano, Gustavo Petro, pidi\u00f3 ayuda a la mandataria de M\u00e9xico, Claudia Sheinbaum, para localizar con vida a ambos artistas.<\/p>\n\n\n\n<p>Fuente: EF<\/p>\n","protected":false},"excerpt":{"rendered":"<p>El m\u00e1nager de B King denunci\u00f3 la desaparici\u00f3n de los cantantes colombianos 24 horas despu\u00e9s a petici\u00f3n de la polic\u00eda. Juan Camilo Gallego, el\u00a0m\u00e1nager de B King, cont\u00f3 que tras la desaparici\u00f3n de los cantantes colombianos en la Ciudad de M\u00e9xico levant\u00f3 la denuncia, pero recibi\u00f3 una negativa de las autoridades. \u201cEn la madrugada hice [&hellip;]<\/p>\n","protected":false},"author":2,"featured_media":145526,"comment_status":"open","ping_status":"open","sticky":false,"template":"","format":"standard","meta":{"footnotes":""},"categories":[59],"tags":[],"class_list":["post-145525","post","type-post","status-publish","format-standard","has-post-thumbnail","hentry","category-destacadas"],"_links":{"self":[{"href":"http:\/\/elcuartopoder.com.mx\/nw\/wp-json\/wp\/v2\/posts\/145525","targetHints":{"allow":["GET"]}}],"collection":[{"href":"http:\/\/elcuartopoder.com.mx\/nw\/wp-json\/wp\/v2\/posts"}],"about":[{"href":"http:\/\/elcuartopoder.com.mx\/nw\/wp-json\/wp\/v2\/types\/post"}],"author":[{"embeddable":true,"href":"http:\/\/elcuartopoder.com.mx\/nw\/wp-json\/wp\/v2\/users\/2"}],"replies":[{"embeddable":true,"href":"http:\/\/elcuartopoder.com.mx\/nw\/wp-json\/wp\/v2\/comments?post=145525"}],"version-history":[{"count":1,"href":"http:\/\/elcuartopoder.com.mx\/nw\/wp-json\/wp\/v2\/posts\/145525\/revisions"}],"predecessor-version":[{"id":145527,"href":"http:\/\/elcuartopoder.com.mx\/nw\/wp-json\/wp\/v2\/posts\/145525\/revisions\/145527"}],"wp:featuredmedia":[{"embeddable":true,"href":"http:\/\/elcuartopoder.com.mx\/nw\/wp-json\/wp\/v2\/media\/145526"}],"wp:attachment":[{"href":"http:\/\/elcuartopoder.com.mx\/nw\/wp-json\/wp\/v2\/media?parent=145525"}],"wp:term":[{"taxonomy":"category","embeddable":true,"href":"http:\/\/elcuartopoder.com.mx\/nw\/wp-json\/wp\/v2\/categories?post=145525"},{"taxonomy":"post_tag","embeddable":true,"href":"http:\/\/elcuartopoder.com.mx\/nw\/wp-json\/wp\/v2\/tags?post=145525"}],"curies":[{"name":"wp","href":"https:\/\/api.w.org\/{rel}","templated":true}]}}