{"id":145566,"date":"2025-09-24T09:58:43","date_gmt":"2025-09-24T14:58:43","guid":{"rendered":"https:\/\/elcuartopoder.com.mx\/nw\/?p=145566"},"modified":"2025-09-24T09:58:44","modified_gmt":"2025-09-24T14:58:44","slug":"empieza-a-soltar-lastre-morena","status":"publish","type":"post","link":"http:\/\/elcuartopoder.com.mx\/nw\/politica\/empieza-a-soltar-lastre-morena\/","title":{"rendered":"\u00bfEmpieza a soltar lastre Morena?"},"content":{"rendered":"\n<p>Las se\u00f1ales de que la campa\u00f1a en contra del coordinador de la mayor\u00eda morenista del Senado,&nbsp;<strong>Ad\u00e1n Augusto L\u00f3pez Hern\u00e1ndez<\/strong>, es m\u00e1s fuego amigo que intrigas de la derecha, los m\u00e1s duros del lopezobradorismo creen que la defenestraci\u00f3n del senador tabasque\u00f1o ser\u00eda el principio de una&nbsp;<strong>purga&nbsp;<\/strong>en&nbsp;<strong>Morena<\/strong>.<\/p>\n\n\n\n<p>No olvidan que, al ungir a&nbsp;<strong>Luisa Mar\u00eda Alcalde Luj\u00e1n<\/strong>&nbsp;como dirigente nacional del partido en el poder, el expresidente le instruy\u00f3 iniciar una purga de los \u201c<strong>infieles<\/strong>\u201d. En suma, que ya eran prescindibles.<\/p>\n\n\n\n<p>Hoy todo cambi\u00f3. Palacio no olvida del sofoc\u00f3n sufrido por Morena en 2021 y sabe que en 15 meses estar\u00e1 en plena marcha el proceso de las elecciones legislativas de 2027 y pragm\u00e1ticamente, decida no correr riesgos. Carambola de tres bandas.<\/p>\n\n\n\n<p><strong>Gusano Barrenador, nudo gordiano<\/strong><\/p>\n\n\n\n<p>La Secretaria de Agricultura de Estados Unidos, Brooke K. Rollins tiene como prioridad defender los intereses de los ganaderos estadounidenses y veremos c\u00f3mo cambia su perspectiva despu\u00e9s de varios d\u00edas de dialogar con su hom\u00f3logo mexicano, Julio Berdegu\u00e9.<\/p>\n\n\n\n<p>No ayuda que parezca imposible para el Gobierno de M\u00e9xico cerrar el paso al avance de la plaga en la porosa frontera sur y que en estricto rigor dejemos en manos de la se\u00f1ora Rollins, cortar el nudo gordiano que significa el gusano barrenador.<\/p>\n\n\n\n<p>Cortarlo, podr\u00eda implicar aceptar en territorio mexicano inspectores del gobierno norteamericano para certificar en diversos puntos de la Rep\u00fablica que cumplimos con nuestra responsabilidad de contener la plaga.<\/p>\n\n\n\n<p><strong>A 60 a\u00f1os del asalto a Madera<\/strong><\/p>\n\n\n\n<p>Quien esto escribe lleg\u00f3 en avioneta cerca del mediod\u00eda del mi\u00e9rcoles del 23 de septiembre de 1965 y recuerda que hasta la modesta pista de Madera, Chihuahua, llegaban lejanas detonaciones en persecuci\u00f3n de dos grupos de guerrilleros que por diversas razones no participaron en el asalto al cuartel militar.<\/p>\n\n\n\n<p>Un asalto en que murieron ocho guerrilleros y seis soldados. A los soldados, por \u00f3rdenes del gobernador Pr\u00e1xedes Giner Dur\u00e1n, se les sepult\u00f3 con honores militares, pero los ocho guerrilleros muertos los sepultaron en un fosa com\u00fan del pante\u00f3n municipal.<\/p>\n\n\n\n<p>Una precisi\u00f3n. El cura no se neg\u00f3 a acudir al cementerio para la cristiana sepultura de los guerrilleros. Se lo impidi\u00f3 un piquete militar que acudi\u00f3 a la parroquia de Madera y a punta de fusil le impidieron salir del templo.<\/p>\n\n\n\n<p><strong>Notas en remolino<\/strong><\/p>\n\n\n\n<p><em>Poco comedido el \u201ctuit\u201d del mandatario colombiano Gustavo Petro que, irritado por que los m\u00fasicos paisanos suyos, presuntamente secuestrados aparecieron muertos en el Estado de M\u00e9xico: \u201cpol\u00edtica antidrogas que no es pol\u00edtica anti narcotraficante\u201d \u2026 Ojal\u00e1 y Cofepris resuelva el problema creado con la FDA por algunos funcionarios, pues es dependencia estrat\u00e9gica en la relaci\u00f3n con Estados Unidos \u2026 Ojal\u00e1 y el nuevo titular de la Comisi\u00f3n Nacional Bancaria y de Valores, pues la indolencia en la supervisi\u00f3n de alguna instituciones ha llevado a quiebras<\/em><\/p>\n\n\n\n<p>Fuente: eleconomista<\/p>\n","protected":false},"excerpt":{"rendered":"<p>Las se\u00f1ales de que la campa\u00f1a en contra del coordinador de la mayor\u00eda morenista del Senado,&nbsp;Ad\u00e1n Augusto L\u00f3pez Hern\u00e1ndez, es m\u00e1s fuego amigo que intrigas de la derecha, los m\u00e1s duros del lopezobradorismo creen que la defenestraci\u00f3n del senador tabasque\u00f1o ser\u00eda el principio de una&nbsp;purga&nbsp;en&nbsp;Morena. No olvidan que, al ungir a&nbsp;Luisa Mar\u00eda Alcalde Luj\u00e1n&nbsp;como dirigente [&hellip;]<\/p>\n","protected":false},"author":2,"featured_media":145567,"comment_status":"open","ping_status":"open","sticky":false,"template":"","format":"standard","meta":{"footnotes":""},"categories":[61],"tags":[],"class_list":["post-145566","post","type-post","status-publish","format-standard","has-post-thumbnail","hentry","category-politica"],"_links":{"self":[{"href":"http:\/\/elcuartopoder.com.mx\/nw\/wp-json\/wp\/v2\/posts\/145566","targetHints":{"allow":["GET"]}}],"collection":[{"href":"http:\/\/elcuartopoder.com.mx\/nw\/wp-json\/wp\/v2\/posts"}],"about":[{"href":"http:\/\/elcuartopoder.com.mx\/nw\/wp-json\/wp\/v2\/types\/post"}],"author":[{"embeddable":true,"href":"http:\/\/elcuartopoder.com.mx\/nw\/wp-json\/wp\/v2\/users\/2"}],"replies":[{"embeddable":true,"href":"http:\/\/elcuartopoder.com.mx\/nw\/wp-json\/wp\/v2\/comments?post=145566"}],"version-history":[{"count":1,"href":"http:\/\/elcuartopoder.com.mx\/nw\/wp-json\/wp\/v2\/posts\/145566\/revisions"}],"predecessor-version":[{"id":145568,"href":"http:\/\/elcuartopoder.com.mx\/nw\/wp-json\/wp\/v2\/posts\/145566\/revisions\/145568"}],"wp:featuredmedia":[{"embeddable":true,"href":"http:\/\/elcuartopoder.com.mx\/nw\/wp-json\/wp\/v2\/media\/145567"}],"wp:attachment":[{"href":"http:\/\/elcuartopoder.com.mx\/nw\/wp-json\/wp\/v2\/media?parent=145566"}],"wp:term":[{"taxonomy":"category","embeddable":true,"href":"http:\/\/elcuartopoder.com.mx\/nw\/wp-json\/wp\/v2\/categories?post=145566"},{"taxonomy":"post_tag","embeddable":true,"href":"http:\/\/elcuartopoder.com.mx\/nw\/wp-json\/wp\/v2\/tags?post=145566"}],"curies":[{"name":"wp","href":"https:\/\/api.w.org\/{rel}","templated":true}]}}