{"id":145569,"date":"2025-09-24T10:06:13","date_gmt":"2025-09-24T15:06:13","guid":{"rendered":"https:\/\/elcuartopoder.com.mx\/nw\/?p=145569"},"modified":"2025-09-24T10:06:15","modified_gmt":"2025-09-24T15:06:15","slug":"la-vida-personal-de-aitana-bonmati-el-origen-de-sus-apellidos-sus-estudios-y-su-relacion-con-xavi-hernandez","status":"publish","type":"post","link":"http:\/\/elcuartopoder.com.mx\/nw\/entretenimiento\/deportes\/la-vida-personal-de-aitana-bonmati-el-origen-de-sus-apellidos-sus-estudios-y-su-relacion-con-xavi-hernandez\/","title":{"rendered":"La vida personal de Aitana Bonmat\u00ed: el origen de sus apellidos, sus estudios y su relaci\u00f3n con Xavi Hern\u00e1ndez"},"content":{"rendered":"\n<p>La ganadora del Bal\u00f3n de Oro 2025 se sabe referente dentro y fuera del campo, donde es una firme defensora de la sociedad igualitaria.<\/p>\n\n\n\n<p><strong>Ganadora de tres Balones de Oro<\/strong>&nbsp;consecutivos &#8211; algo que no ha conseguido ninguna otra mujer futbolista &#8211; y pieza clave en el engrajane del&nbsp;<strong>Barcelona<\/strong>&nbsp;y la&nbsp;<strong>Espa\u00f1a femenina<\/strong>&nbsp;en el camino a la gloria del \u00faltimo Mundial y la Liga de Naciones, ha sido clave tanto en los \u00e9xitos de su club como en los de la selecci\u00f3n, pese a que esta \u00faltima temporada &#8211; aunque gan\u00f3 Liga, Copa de la Reina y Supercopa de Espa\u00f1a &#8211; tuvo que conformarse con ser&nbsp;<strong>subcampeona de la Champions y de la Eurocopa<\/strong>&nbsp;(fue reconocida con el MVP de ambas finales y competiciones).<\/p>\n\n\n\n<figure class=\"wp-block-image size-large\"><img loading=\"lazy\" decoding=\"async\" width=\"821\" height=\"1024\" src=\"https:\/\/elcuartopoder.com.mx\/nw\/wp-content\/uploads\/2025\/09\/428492410_405609985454596_1432176160922307414_n-821x1024.png\" alt=\"\" class=\"wp-image-145590\" srcset=\"http:\/\/elcuartopoder.com.mx\/nw\/wp-content\/uploads\/2025\/09\/428492410_405609985454596_1432176160922307414_n-821x1024.png 821w, http:\/\/elcuartopoder.com.mx\/nw\/wp-content\/uploads\/2025\/09\/428492410_405609985454596_1432176160922307414_n-241x300.png 241w, http:\/\/elcuartopoder.com.mx\/nw\/wp-content\/uploads\/2025\/09\/428492410_405609985454596_1432176160922307414_n-768x957.png 768w, http:\/\/elcuartopoder.com.mx\/nw\/wp-content\/uploads\/2025\/09\/428492410_405609985454596_1432176160922307414_n-1232x1536.png 1232w, http:\/\/elcuartopoder.com.mx\/nw\/wp-content\/uploads\/2025\/09\/428492410_405609985454596_1432176160922307414_n-696x868.png 696w, http:\/\/elcuartopoder.com.mx\/nw\/wp-content\/uploads\/2025\/09\/428492410_405609985454596_1432176160922307414_n.png 1440w\" sizes=\"auto, (max-width: 821px) 100vw, 821px\" \/><\/figure>\n\n\n\n<p><strong>Aitana Bonmat\u00ed<\/strong>&nbsp;(San Pedro de Ribas, 1998) se sabe referente tanto dentro como fuera del campo, y volvi\u00f3 a alargar la estela de su \u00e9xito en el&nbsp;<strong>Th\u00e9\u00e2tre du Ch\u00e2telet de Par\u00eds<\/strong>, donde logr\u00f3 el quinto Bal\u00f3n de Oro consecutivo espa\u00f1ol &#8211; tras los dos de Alexia Putellas.<\/p>\n\n\n\n<p>El tercero de forma consecutiva para una jugadora con\u00a0<strong>car\u00e1cter ganador<\/strong>\u00a0que muestra siempre sobre el verde una ambici\u00f3n y mentalidad por las nubes. Tres entorchados, los mismos que leyendas como Johan Cruyff, Michel Platini o Marco Van Baster, y siguiendo la estela de quienes m\u00e1s galardones tienen:\u00a0<strong>Cristiano Ronaldo<\/strong>\u00a0-cinco- y Leo Messi, ocho. En la votaci\u00f3n de France Football gan\u00f3 a su compatriota\u00a0Mariona Caldentey\u00a0y a la inglesa Alessia Russo.<\/p>\n\n\n\n<h3 class=\"wp-block-heading\">La historia feminista del apellido Bonmat\u00ed<\/h3>\n\n\n\n<p>Ya que su primer apellido sea el de su madre dice mucho del car\u00e1cter reivindicativo que recorre la sangre de la que fue&nbsp;<strong>mejor jugadora en 2024 y MVP de la \u00faltima Copa del Mundo<\/strong>.<\/p>\n\n\n\n<p>\u00abCuando nac\u00ed, la norma dec\u00eda que primero deb\u00eda ir el del padre, y eso a los m\u00edos no les parec\u00eda bien, por lo que lucharon para cambiar esto. Ellos siempre han querido cambiar el mundo y la desigualdad que existe entre hombres y mujeres\u00bb, reconoce la futbolista en una entrevista.<\/p>\n\n\n\n<p>Rosa y Vicent, sus progenitores,&nbsp;<strong>chocaron con la legislaci\u00f3n e iniciaron una espiral de contactos<\/strong>, denuncias y procesos hasta que consiguieron cambiar el contexto legal. A partir del a\u00f1o 2000 la norma cambi\u00f3, y con ella&nbsp;<strong>dio prioridad a un apellido que ahora es leyenda<\/strong>&nbsp;en la obra cumbre del f\u00fatbol femenino espa\u00f1ol.<\/p>\n\n\n\n<p>Con unos padres as\u00ed, con las ideas claras y la voluntad de luchar por lo que ellos creen, no es de extra\u00f1ar la jugadora de 27 a\u00f1os visibilice tanto dentro como fuera de los terrenos de juego&nbsp;<strong>m\u00faltiples causas sociales y pol\u00edticas<\/strong>, ya sea en temas de salud mental, feminismo o en la lucha por profesionalizar la Liga Femenina. Es colaboradora de varias ONGs y, adem\u00e1s, es embajadora de ACNUR.<\/p>\n\n\n\n<p>\u00abNo pedimos ni mucho menos cobrar lo mismo que los hombres, pedimos unas condiciones dignas, estamos hablando de la Primera Divisi\u00f3n femenina profesional y en la mayor\u00eda de cosas solo ha cambiado el poner delante el profesional\u00bb, apunta la l\u00edder de la campeona del mundo y del Barcelona femenino, que en la gala del Bal\u00f3n de Oro apunt\u00f3 que \u00abcuando era peque\u00f1a no pod\u00eda imaginar que el f\u00fatbol femenino pudiera existir\u00bb.<\/p>\n\n\n\n<h3 class=\"wp-block-heading\">Estudios y or\u00edgenes de Aitana Bomnat\u00ed<\/h3>\n\n\n\n<p>Su perfil profesional es bien conocido; no as\u00ed el personal, caracterizado por una distancia prudencial que guarda entre su&nbsp;<strong>vida privada y el foco de lo medi\u00e1tico<\/strong>. La catalana fue creciendo en equipos mixtos hasta que dio el salto a La Mas\u00eda; paralelamente, alimentaba su conocimiento deportivo con una formaci\u00f3n acad\u00e9mica orientada a lo que realmente le apasiona.<\/p>\n\n\n\n<p>Despu\u00e9s de cursar el Grado en&nbsp;<strong>Ciencias de la Actividad F\u00edsica y el Deporte<\/strong>&nbsp;se embarc\u00f3 en un M\u00e1ster en Gesti\u00f3n Deportiva en el Johan Cruyff Institute. Lo intelectual no es ajeno para la atacante del Barcelona, que vivi\u00f3 en casa la importancia de las letras en cualquiera de sus formas: sus padres son fil\u00f3logos de formaci\u00f3n y ejercen como profesores de Lengua y Literatura Catalana.<\/p>\n\n\n\n<p>\u00abA veces voy a jugar a algunos campos y me echo las manos a la cabeza. \u00bfDe verdad tengo que jugar aqu\u00ed siendo profesional? Hay que poner unas m\u00ednimas condiciones para que haya menos posibilidad de lesionarte\u00bb, reflexiona la jugadora, que siempre tuvo claro que&nbsp;<strong>quer\u00eda dedicarse al f\u00fatbol aunque en el colegio, rodeada de ni\u00f1os<\/strong>, muchos no aceptaran que jugara mejor que ellos.<\/p>\n\n\n\n<p>\u00abAhora es distinto, los chavales ven a mujeres en la tele jugando y ya lo ven de forma distinta, pero hasta hace poco no era as\u00ed\u00bb, lamenta la jugadora, que lleva el &#8217;14&#8217; a la espalda en el Bar\u00e7a por Johan Cruyff, y que cuenta que su familia,\u00a0<strong>relacionada con movimientos independentistas<\/strong>, no era la cl\u00e1sica futbolera, as\u00ed como ahonda en la\u00a0<strong>falta de referentes femeninos<\/strong>\u00a0cuando ella -con seis o siete a\u00f1os- empez\u00f3 a darle patadas al bal\u00f3n. \u00abLas ni\u00f1as que juegan al f\u00fatbol saben que la cosa va en serio, cuando yo empec\u00e9 no ve\u00eda futuro, pero lo hay aunque a\u00fan queda mucho camino. Yo soy una privilegiada\u00bb.<\/p>\n\n\n\n<p>La centrocampista catalana, flexitariana,&nbsp;<strong>fiel admiradora de Xavi Hern\u00e1ndez<\/strong>&nbsp;&#8211; quien escribi\u00f3 el pr\u00f3logo de su libro autobigr\u00e1fico &#8211; y amante de las combinaciones en espacios peque\u00f1os, recibi\u00f3 el galard\u00f3n de otro de sus \u00eddolos:&nbsp;<strong>Andr\u00e9s Iniesta<\/strong>. \u00abEs uno de mis \u00eddolos desde peque\u00f1a, juntamente con Xavi. He aprendido de ellos, mi f\u00fatbol del d\u00eda de hoy, en parte, gracias a ellos, a todo lo que me ense\u00f1aron\u00bb, indic\u00f3 durante la gala en Par\u00eds, en la que insisti\u00f3 en&nbsp;<strong>el poder del que goza el f\u00fatbol para cambiar las cosas<\/strong>: \u00abSomos m\u00e1s que futbolistas. Estamos liderando con el ejemplo en todo el mundo. Para las nuevas generaciones que vienen, pueden so\u00f1ar con ser futbolistas, no como nuestra generaci\u00f3n\u00bb.<\/p>\n\n\n\n<p>M\u00e1s all\u00e1 del c\u00e9sped y los terrenos de juego, la catalana disfruta de actividades m\u00e1s sencillas como son la lectura, la m\u00fasica, viajar y pasar tiempo con sus amigos de toda la vida, quienes le mantienen \u00abcon los pies en la tierra\u00bb.<\/p>\n\n\n\n<p>Fuente: ABC<\/p>\n","protected":false},"excerpt":{"rendered":"<p>La ganadora del Bal\u00f3n de Oro 2025 se sabe referente dentro y fuera del campo, donde es una firme defensora de la sociedad igualitaria. Ganadora de tres Balones de Oro&nbsp;consecutivos &#8211; algo que no ha conseguido ninguna otra mujer futbolista &#8211; y pieza clave en el engrajane del&nbsp;Barcelona&nbsp;y la&nbsp;Espa\u00f1a femenina&nbsp;en el camino a la gloria [&hellip;]<\/p>\n","protected":false},"author":2,"featured_media":145570,"comment_status":"open","ping_status":"open","sticky":false,"template":"","format":"standard","meta":{"footnotes":""},"categories":[7],"tags":[],"class_list":["post-145569","post","type-post","status-publish","format-standard","has-post-thumbnail","hentry","category-deportes"],"_links":{"self":[{"href":"http:\/\/elcuartopoder.com.mx\/nw\/wp-json\/wp\/v2\/posts\/145569","targetHints":{"allow":["GET"]}}],"collection":[{"href":"http:\/\/elcuartopoder.com.mx\/nw\/wp-json\/wp\/v2\/posts"}],"about":[{"href":"http:\/\/elcuartopoder.com.mx\/nw\/wp-json\/wp\/v2\/types\/post"}],"author":[{"embeddable":true,"href":"http:\/\/elcuartopoder.com.mx\/nw\/wp-json\/wp\/v2\/users\/2"}],"replies":[{"embeddable":true,"href":"http:\/\/elcuartopoder.com.mx\/nw\/wp-json\/wp\/v2\/comments?post=145569"}],"version-history":[{"count":1,"href":"http:\/\/elcuartopoder.com.mx\/nw\/wp-json\/wp\/v2\/posts\/145569\/revisions"}],"predecessor-version":[{"id":145595,"href":"http:\/\/elcuartopoder.com.mx\/nw\/wp-json\/wp\/v2\/posts\/145569\/revisions\/145595"}],"wp:featuredmedia":[{"embeddable":true,"href":"http:\/\/elcuartopoder.com.mx\/nw\/wp-json\/wp\/v2\/media\/145570"}],"wp:attachment":[{"href":"http:\/\/elcuartopoder.com.mx\/nw\/wp-json\/wp\/v2\/media?parent=145569"}],"wp:term":[{"taxonomy":"category","embeddable":true,"href":"http:\/\/elcuartopoder.com.mx\/nw\/wp-json\/wp\/v2\/categories?post=145569"},{"taxonomy":"post_tag","embeddable":true,"href":"http:\/\/elcuartopoder.com.mx\/nw\/wp-json\/wp\/v2\/tags?post=145569"}],"curies":[{"name":"wp","href":"https:\/\/api.w.org\/{rel}","templated":true}]}}