{"id":145706,"date":"2025-09-25T15:14:45","date_gmt":"2025-09-25T20:14:45","guid":{"rendered":"https:\/\/elcuartopoder.com.mx\/nw\/?p=145706"},"modified":"2025-09-25T15:14:46","modified_gmt":"2025-09-25T20:14:46","slug":"proponen-reforma-para-evolucionar-enfoque-de-la-comision-legislativa-de-igualdad","status":"publish","type":"post","link":"http:\/\/elcuartopoder.com.mx\/nw\/estatales\/proponen-reforma-para-evolucionar-enfoque-de-la-comision-legislativa-de-igualdad\/","title":{"rendered":"Proponen reforma para evolucionar enfoque de la comisi\u00f3n legislativa de Igualdad"},"content":{"rendered":"\n<p>La modificaci\u00f3n sugerida representa una adaptaci\u00f3n necesaria a los tiempos que vivimos, con una comprensi\u00f3n m\u00e1s profunda de la igualdad.<\/p>\n\n\n\n<p>La&nbsp;<strong>XVIII Legislatura del Estado<\/strong>&nbsp;analizar\u00e1 en comisiones una iniciativa de reforma a la<strong>&nbsp;Ley Org\u00e1nica del Poder Legislativo<\/strong>, a fin de fortalecer la capacidad de acci\u00f3n y an\u00e1lisis del Congreso para abordar las desigualdades desde una perspectiva interseccional y facilitar la inclusi\u00f3n expl\u00edcita en su agenda de temas cruciales relacionados con los derechos de la diversidad sexual, cuyas problem\u00e1ticas no son abordadas de manera integral por las comisiones existentes.<\/p>\n\n\n\n<p>Se trata de una iniciativa promovida por las diputadas&nbsp;<strong>Jimena Lasa y Maria Jos\u00e9 Osorio&nbsp;<\/strong>para cambiar la denominaci\u00f3n de la Comisi\u00f3n para la Igualdad de G\u00e9nero a Comisi\u00f3n para la Igualdad Sustantiva de G\u00e9nero.<\/p>\n\n\n\n<p>En la exposici\u00f3n de motivos se se\u00f1ala que hist\u00f3ricamente, la lucha por la igualdad de g\u00e9nero se ha centrado en la equiparaci\u00f3n formal de derechos entre mujeres y hombres. Sin embargo, la evoluci\u00f3n de los estudios de g\u00e9nero y las demandas de la<strong>&nbsp;sociedad civil&nbsp;<\/strong>han evidenciado que la igualdad ante la ley no es suficiente para superar las profundas desigualdades estructurales, sociales, econ\u00f3micas y culturales que persisten.<\/p>\n\n\n\n<p>Se\u00f1alan que la igualdad sustantiva trasciende la mera<em>&nbsp;igualdad formal, al enfocarse en la eliminaci\u00f3n de barreras y los mecanismos de discriminaci\u00f3n que impiden que todas las personas, independientemente de su g\u00e9nero, orientaci\u00f3n sexual, identidad de g\u00e9nero, expresi\u00f3n de g\u00e9nero o caracter\u00edsticas sexuales, gocen de las mismas oportunidades y resultados en todos los \u00e1mbitos de la vida.<\/em><\/p>\n\n\n\n<p>De tal manera que la modificaci\u00f3n sugerida representa una adaptaci\u00f3n necesaria a los tiempos que vivimos, al alinear la denominaci\u00f3n de la comisi\u00f3n con una&nbsp;<strong>comprensi\u00f3n m\u00e1s profunda y actual de la igualdad.<\/strong><\/p>\n\n\n\n<p>En la misma sesi\u00f3n, se dio lectura a una iniciativa con&nbsp;<strong>Proyecto de Decreto<\/strong>&nbsp;por el que se reforman y adicionan diversas disposiciones de la<em>&nbsp;Ley de Fiscalizaci\u00f3n y Rendici\u00f3n de Cuentas del Estado de Quintana Roo;<\/em>&nbsp;presentada por la diputada Alexa Murgu\u00eda Trujillo.<\/p>\n\n\n\n<p>Fuente: SIPSE<\/p>\n","protected":false},"excerpt":{"rendered":"<p>La modificaci\u00f3n sugerida representa una adaptaci\u00f3n necesaria a los tiempos que vivimos, con una comprensi\u00f3n m\u00e1s profunda de la igualdad. La&nbsp;XVIII Legislatura del Estado&nbsp;analizar\u00e1 en comisiones una iniciativa de reforma a la&nbsp;Ley Org\u00e1nica del Poder Legislativo, a fin de fortalecer la capacidad de acci\u00f3n y an\u00e1lisis del Congreso para abordar las desigualdades desde una perspectiva [&hellip;]<\/p>\n","protected":false},"author":2,"featured_media":145707,"comment_status":"open","ping_status":"open","sticky":false,"template":"","format":"standard","meta":{"footnotes":""},"categories":[60],"tags":[],"class_list":["post-145706","post","type-post","status-publish","format-standard","has-post-thumbnail","hentry","category-estatales"],"_links":{"self":[{"href":"http:\/\/elcuartopoder.com.mx\/nw\/wp-json\/wp\/v2\/posts\/145706","targetHints":{"allow":["GET"]}}],"collection":[{"href":"http:\/\/elcuartopoder.com.mx\/nw\/wp-json\/wp\/v2\/posts"}],"about":[{"href":"http:\/\/elcuartopoder.com.mx\/nw\/wp-json\/wp\/v2\/types\/post"}],"author":[{"embeddable":true,"href":"http:\/\/elcuartopoder.com.mx\/nw\/wp-json\/wp\/v2\/users\/2"}],"replies":[{"embeddable":true,"href":"http:\/\/elcuartopoder.com.mx\/nw\/wp-json\/wp\/v2\/comments?post=145706"}],"version-history":[{"count":1,"href":"http:\/\/elcuartopoder.com.mx\/nw\/wp-json\/wp\/v2\/posts\/145706\/revisions"}],"predecessor-version":[{"id":145708,"href":"http:\/\/elcuartopoder.com.mx\/nw\/wp-json\/wp\/v2\/posts\/145706\/revisions\/145708"}],"wp:featuredmedia":[{"embeddable":true,"href":"http:\/\/elcuartopoder.com.mx\/nw\/wp-json\/wp\/v2\/media\/145707"}],"wp:attachment":[{"href":"http:\/\/elcuartopoder.com.mx\/nw\/wp-json\/wp\/v2\/media?parent=145706"}],"wp:term":[{"taxonomy":"category","embeddable":true,"href":"http:\/\/elcuartopoder.com.mx\/nw\/wp-json\/wp\/v2\/categories?post=145706"},{"taxonomy":"post_tag","embeddable":true,"href":"http:\/\/elcuartopoder.com.mx\/nw\/wp-json\/wp\/v2\/tags?post=145706"}],"curies":[{"name":"wp","href":"https:\/\/api.w.org\/{rel}","templated":true}]}}