{"id":145727,"date":"2025-09-26T06:53:04","date_gmt":"2025-09-26T11:53:04","guid":{"rendered":"https:\/\/elcuartopoder.com.mx\/nw\/?p=145727"},"modified":"2025-09-26T06:53:06","modified_gmt":"2025-09-26T11:53:06","slug":"de-al-qaeda-a-intervenir-en-la-onu-la-historia-del-presidente-de-siria-por-el-que-ee-uu-ofrecia-10-millones-hace-menos-de-un-ano","status":"publish","type":"post","link":"http:\/\/elcuartopoder.com.mx\/nw\/internacionales\/de-al-qaeda-a-intervenir-en-la-onu-la-historia-del-presidente-de-siria-por-el-que-ee-uu-ofrecia-10-millones-hace-menos-de-un-ano\/","title":{"rendered":"De Al Qaeda a intervenir en la ONU: la historia del presidente de Siria, por el que EE.UU. ofrec\u00eda 10 millones hace menos de un a\u00f1o"},"content":{"rendered":"\n<p>Ahmed al Sharaa, que lleg\u00f3 al poder en diciembre de 2024 tras derrocar a Bashar al Assad, es el primer presidente sirio en intervenir en Naciones Unidas en casi 60 a\u00f1os.<\/p>\n\n\n\n<p>Cuando era guerrillero y l\u00edder del Frente al Nusra (ANF), la filial de Al Qaeda en Siria, empleaba el nombre de Abu Mohammed al Jolani, y desde 2017, Estados Unidos ofrec\u00eda una\u00a0recompensa por informaci\u00f3n sobre su paradero\u00a0de 10 millones de d\u00f3lares. Ahora, ese mismo hombre, pero bajo el nombre de Ahmed al Sharaa, se ha convertido en el primer presidente de Siria en participar en la Asamblea General de la\u00a0ONU\u00a0en\u00a0<strong>casi 60 a\u00f1os<\/strong>, desde que Nureddin al Atassi lo hiciera en 1967.<\/p>\n\n\n\n<p>En tanto, el presidente al Sharaa se desvincul\u00f3 de Al Qaeda tras reconvertir la facci\u00f3n islamista al conocido como Organismo de Liberacion de Levante (HTS, por sus siglas en ingl\u00e9s), con quien alcanz\u00f3 el poder tras derrocar en diciembre del pasado a\u00f1o a\u00a0Bashar al Assad\u00a0tras 25 a\u00f1os en el poder, poniendo fin a un r\u00e9gimen familiar en el pa\u00eds de 54 a\u00f1os. Por el momento, es presidente interino, ya que las elecciones se celebrar\u00e1n el pr\u00f3ximo\u00a0<strong>5 de octubre<\/strong>.<\/p>\n\n\n\n<p>En el proceso, ha girado estrategicamente hacia la diplomacia, se ha reunido con l\u00edderes internacionales\u00a0como Trump, y ha logrado el levantamiento de la recompensa contra \u00e9l y de las\u00a0sanciones a su pa\u00eds.<\/p>\n\n\n\n<p>Este mi\u00e9rcoles, al Sharaa ha intervenido desde Nueva York en la Asamblea General anual de la ONU, en lo que ha calificado como el regreso de\u00a0Siria\u00a0\u00abal lugar que merece\u00bb entre las naciones. En su discurso, el presidente sirio ha pedido el levantamiento general de las sanciones contra Damasco y ha reivindicado un nuevo tiempo de\u00a0<strong>paz, prosperidad y desarrollo<\/strong>.<\/p>\n\n\n\n<p>Adem\u00e1s, ha cargado contra Israel, acusandoles de seguir atacando al pa\u00eds incluso tras acabar con Al Asad. \u00abLas pol\u00edticas israel\u00edes&nbsp;<strong>contradicen la postura internacional<\/strong>&nbsp;de apoyo a Siria\u00bb, ha asegurado.<\/p>\n\n\n\n<figure class=\"wp-block-image\"><img decoding=\"async\" src=\"https:\/\/s2.abcstatics.com\/abc\/www\/multimedia\/internacional\/2025\/09\/25\/1501162590-kwhC--760x427@diario_abc.jpg\" alt=\"El presidente sirio, Ahmed Al Sharaa, junto al secretario general de Naciones Unidas, Antonio Guterres.\"\/><figcaption class=\"wp-element-caption\">El presidente sirio, Ahmed Al Sharaa, junto al secretario general de Naciones Unidas, Antonio Guterres.&nbsp;<strong>afp<\/strong><\/figcaption><\/figure>\n\n\n\n<p>Por su parte, Netanyahu, que ha confirmado este mi\u00e9rcoles estar en negociaciones con el gobierno de Al Sharaa, ha condicionado este mi\u00e9rcoles el posible acuerdo con Siria a una&nbsp;<strong>desmilitarizaci\u00f3n del suroeste del pa\u00eds<\/strong>&nbsp;\u00e1rabe, de mayor\u00eda drusa.<\/p>\n\n\n\n<p>El presidente sirio tambi\u00e9n se ha reunido en la ONU con su hom\u00f3logo estadounidense, la segunda vez en cuatro meses, para continuar con el acercamiento diplom\u00e1tico, as\u00ed como abordar el proceso de retirada definitiva de sanciones y un posible&nbsp;<strong>encuentro entre ambos en Washington<\/strong>. La Casa Blanca no se ha pronunciado al respecto.<\/p>\n\n\n\n<p>En sus a\u00f1os de combate, fue detenido en Camp Bucca por fuerzas estadounidenses, y tras romper con las principales organizaciones yihadistas, Al Sharaa emergi\u00f3 como l\u00edder pol\u00edtico tras la ca\u00edda del r\u00e9gimen de los Al Assad, al que este mi\u00e9rcoles ha acusado de perpetrar unos&nbsp;<strong>200 ataques qu\u00edmicos durante el conflicto<\/strong>, utilizar formas de tortura \u00ababominables\u00bb y de matar a un mill\u00f3n de personas.<\/p>\n\n\n\n<p>No obstante, la Comisi\u00f3n de Investigaci\u00f3n de la ONU para Siria denunci\u00f3 este martes que en sus diez meses de liderazgo se han seguido cometiendo\u00a0violaciones de derechos humanos, como la matanza de m\u00e1s de 1.400 alauitas en marzo en ciudades occidentales sirias de Latakia, Tart\u00fas y Hama.<\/p>\n\n\n\n<p>Fuente: ABC<\/p>\n","protected":false},"excerpt":{"rendered":"<p>Ahmed al Sharaa, que lleg\u00f3 al poder en diciembre de 2024 tras derrocar a Bashar al Assad, es el primer presidente sirio en intervenir en Naciones Unidas en casi 60 a\u00f1os. Cuando era guerrillero y l\u00edder del Frente al Nusra (ANF), la filial de Al Qaeda en Siria, empleaba el nombre de Abu Mohammed al [&hellip;]<\/p>\n","protected":false},"author":2,"featured_media":145728,"comment_status":"open","ping_status":"open","sticky":false,"template":"","format":"standard","meta":{"footnotes":""},"categories":[8],"tags":[],"class_list":["post-145727","post","type-post","status-publish","format-standard","has-post-thumbnail","hentry","category-internacionales"],"_links":{"self":[{"href":"http:\/\/elcuartopoder.com.mx\/nw\/wp-json\/wp\/v2\/posts\/145727","targetHints":{"allow":["GET"]}}],"collection":[{"href":"http:\/\/elcuartopoder.com.mx\/nw\/wp-json\/wp\/v2\/posts"}],"about":[{"href":"http:\/\/elcuartopoder.com.mx\/nw\/wp-json\/wp\/v2\/types\/post"}],"author":[{"embeddable":true,"href":"http:\/\/elcuartopoder.com.mx\/nw\/wp-json\/wp\/v2\/users\/2"}],"replies":[{"embeddable":true,"href":"http:\/\/elcuartopoder.com.mx\/nw\/wp-json\/wp\/v2\/comments?post=145727"}],"version-history":[{"count":1,"href":"http:\/\/elcuartopoder.com.mx\/nw\/wp-json\/wp\/v2\/posts\/145727\/revisions"}],"predecessor-version":[{"id":145729,"href":"http:\/\/elcuartopoder.com.mx\/nw\/wp-json\/wp\/v2\/posts\/145727\/revisions\/145729"}],"wp:featuredmedia":[{"embeddable":true,"href":"http:\/\/elcuartopoder.com.mx\/nw\/wp-json\/wp\/v2\/media\/145728"}],"wp:attachment":[{"href":"http:\/\/elcuartopoder.com.mx\/nw\/wp-json\/wp\/v2\/media?parent=145727"}],"wp:term":[{"taxonomy":"category","embeddable":true,"href":"http:\/\/elcuartopoder.com.mx\/nw\/wp-json\/wp\/v2\/categories?post=145727"},{"taxonomy":"post_tag","embeddable":true,"href":"http:\/\/elcuartopoder.com.mx\/nw\/wp-json\/wp\/v2\/tags?post=145727"}],"curies":[{"name":"wp","href":"https:\/\/api.w.org\/{rel}","templated":true}]}}