{"id":145733,"date":"2025-09-26T15:05:50","date_gmt":"2025-09-26T20:05:50","guid":{"rendered":"https:\/\/elcuartopoder.com.mx\/nw\/?p=145733"},"modified":"2025-09-26T15:05:51","modified_gmt":"2025-09-26T20:05:51","slug":"ecuador-votara-el-16-de-noviembre-la-creacion-de-una-asamblea-constituyente-impulsada-por-el-presidente-noboa","status":"publish","type":"post","link":"http:\/\/elcuartopoder.com.mx\/nw\/internacionales\/ecuador-votara-el-16-de-noviembre-la-creacion-de-una-asamblea-constituyente-impulsada-por-el-presidente-noboa\/","title":{"rendered":"Ecuador votar\u00e1 el 16 de noviembre la creaci\u00f3n de una Asamblea Constituyente impulsada por el presidente Noboa"},"content":{"rendered":"\n<p>La finalidad es redactar una nueva Constituci\u00f3n que sustituya a la actual<\/p>\n\n\n\n<p>La Corte Constitucional de Ecuador emiti\u00f3, la noche de este mi\u00e9rcoles 24 de septiembre, un\u00a0dictamen favorable para la convocatoria a consulta popular\u00a0con la finalidad de instalar una Asamblea Constituyente que redacte\u00a0<strong>una nueva Constituci\u00f3n que reemplace a la actual, vigente desde 2008<\/strong>.<\/p>\n\n\n\n<p>Fuente: ABC<\/p>\n","protected":false},"excerpt":{"rendered":"<p>La finalidad es redactar una nueva Constituci\u00f3n que sustituya a la actual La Corte Constitucional de Ecuador emiti\u00f3, la noche de este mi\u00e9rcoles 24 de septiembre, un\u00a0dictamen favorable para la convocatoria a consulta popular\u00a0con la finalidad de instalar una Asamblea Constituyente que redacte\u00a0una nueva Constituci\u00f3n que reemplace a la actual, vigente desde 2008. Fuente: ABC<\/p>\n","protected":false},"author":2,"featured_media":145734,"comment_status":"open","ping_status":"open","sticky":false,"template":"","format":"standard","meta":{"footnotes":""},"categories":[8],"tags":[],"class_list":["post-145733","post","type-post","status-publish","format-standard","has-post-thumbnail","hentry","category-internacionales"],"_links":{"self":[{"href":"http:\/\/elcuartopoder.com.mx\/nw\/wp-json\/wp\/v2\/posts\/145733","targetHints":{"allow":["GET"]}}],"collection":[{"href":"http:\/\/elcuartopoder.com.mx\/nw\/wp-json\/wp\/v2\/posts"}],"about":[{"href":"http:\/\/elcuartopoder.com.mx\/nw\/wp-json\/wp\/v2\/types\/post"}],"author":[{"embeddable":true,"href":"http:\/\/elcuartopoder.com.mx\/nw\/wp-json\/wp\/v2\/users\/2"}],"replies":[{"embeddable":true,"href":"http:\/\/elcuartopoder.com.mx\/nw\/wp-json\/wp\/v2\/comments?post=145733"}],"version-history":[{"count":1,"href":"http:\/\/elcuartopoder.com.mx\/nw\/wp-json\/wp\/v2\/posts\/145733\/revisions"}],"predecessor-version":[{"id":145735,"href":"http:\/\/elcuartopoder.com.mx\/nw\/wp-json\/wp\/v2\/posts\/145733\/revisions\/145735"}],"wp:featuredmedia":[{"embeddable":true,"href":"http:\/\/elcuartopoder.com.mx\/nw\/wp-json\/wp\/v2\/media\/145734"}],"wp:attachment":[{"href":"http:\/\/elcuartopoder.com.mx\/nw\/wp-json\/wp\/v2\/media?parent=145733"}],"wp:term":[{"taxonomy":"category","embeddable":true,"href":"http:\/\/elcuartopoder.com.mx\/nw\/wp-json\/wp\/v2\/categories?post=145733"},{"taxonomy":"post_tag","embeddable":true,"href":"http:\/\/elcuartopoder.com.mx\/nw\/wp-json\/wp\/v2\/tags?post=145733"}],"curies":[{"name":"wp","href":"https:\/\/api.w.org\/{rel}","templated":true}]}}