{"id":145754,"date":"2025-09-27T14:38:01","date_gmt":"2025-09-27T19:38:01","guid":{"rendered":"https:\/\/elcuartopoder.com.mx\/nw\/?p=145754"},"modified":"2025-09-27T14:38:02","modified_gmt":"2025-09-27T19:38:02","slug":"investigadores-creen-que-el-calentamiento-global-puede-sobrecorregirse-y-dar-lugar-a-una-edad-de-hielo","status":"publish","type":"post","link":"http:\/\/elcuartopoder.com.mx\/nw\/opinion\/investigadores-creen-que-el-calentamiento-global-puede-sobrecorregirse-y-dar-lugar-a-una-edad-de-hielo\/","title":{"rendered":"Investigadores creen que el calentamiento global puede \u00absobrecorregirse\u00bb y dar lugar a una edad de hielo"},"content":{"rendered":"\n<p>Un fallo en el ciclo del carbono podr\u00eda sumir a la Tierra en una glaciaci\u00f3n, seg\u00fan un nuevo estudio<\/p>\n\n\n\n<p>El calentamiento global es un problema que parece imparable. No solo contin\u00faa su curso, sino que se ha intensificado en los \u00faltimos a\u00f1os. 2023 y 2024 han sido los m\u00e1s c\u00e1lidos desde que se tienen registros y la comunidad cient\u00edfica considera casi inevitable.<\/p>\n\n\n\n<figure class=\"wp-block-image size-large\"><img loading=\"lazy\" decoding=\"async\" width=\"1024\" height=\"683\" src=\"https:\/\/elcuartopoder.com.mx\/nw\/wp-content\/uploads\/2025\/09\/era-glacial-1024x683.png\" alt=\"\" class=\"wp-image-145756\" srcset=\"http:\/\/elcuartopoder.com.mx\/nw\/wp-content\/uploads\/2025\/09\/era-glacial-1024x683.png 1024w, http:\/\/elcuartopoder.com.mx\/nw\/wp-content\/uploads\/2025\/09\/era-glacial-300x200.png 300w, http:\/\/elcuartopoder.com.mx\/nw\/wp-content\/uploads\/2025\/09\/era-glacial-768x512.png 768w, http:\/\/elcuartopoder.com.mx\/nw\/wp-content\/uploads\/2025\/09\/era-glacial-1536x1024.png 1536w, http:\/\/elcuartopoder.com.mx\/nw\/wp-content\/uploads\/2025\/09\/era-glacial-2048x1365.png 2048w, http:\/\/elcuartopoder.com.mx\/nw\/wp-content\/uploads\/2025\/09\/era-glacial-696x464.png 696w\" sizes=\"auto, (max-width: 1024px) 100vw, 1024px\" \/><\/figure>\n\n\n\n<p>Fuente: ABC<\/p>\n","protected":false},"excerpt":{"rendered":"<p>Un fallo en el ciclo del carbono podr\u00eda sumir a la Tierra en una glaciaci\u00f3n, seg\u00fan un nuevo estudio El calentamiento global es un problema que parece imparable. No solo contin\u00faa su curso, sino que se ha intensificado en los \u00faltimos a\u00f1os. 2023 y 2024 han sido los m\u00e1s c\u00e1lidos desde que se tienen registros [&hellip;]<\/p>\n","protected":false},"author":2,"featured_media":145755,"comment_status":"open","ping_status":"open","sticky":false,"template":"","format":"standard","meta":{"footnotes":""},"categories":[62],"tags":[],"class_list":["post-145754","post","type-post","status-publish","format-standard","has-post-thumbnail","hentry","category-opinion"],"_links":{"self":[{"href":"http:\/\/elcuartopoder.com.mx\/nw\/wp-json\/wp\/v2\/posts\/145754","targetHints":{"allow":["GET"]}}],"collection":[{"href":"http:\/\/elcuartopoder.com.mx\/nw\/wp-json\/wp\/v2\/posts"}],"about":[{"href":"http:\/\/elcuartopoder.com.mx\/nw\/wp-json\/wp\/v2\/types\/post"}],"author":[{"embeddable":true,"href":"http:\/\/elcuartopoder.com.mx\/nw\/wp-json\/wp\/v2\/users\/2"}],"replies":[{"embeddable":true,"href":"http:\/\/elcuartopoder.com.mx\/nw\/wp-json\/wp\/v2\/comments?post=145754"}],"version-history":[{"count":1,"href":"http:\/\/elcuartopoder.com.mx\/nw\/wp-json\/wp\/v2\/posts\/145754\/revisions"}],"predecessor-version":[{"id":145757,"href":"http:\/\/elcuartopoder.com.mx\/nw\/wp-json\/wp\/v2\/posts\/145754\/revisions\/145757"}],"wp:featuredmedia":[{"embeddable":true,"href":"http:\/\/elcuartopoder.com.mx\/nw\/wp-json\/wp\/v2\/media\/145755"}],"wp:attachment":[{"href":"http:\/\/elcuartopoder.com.mx\/nw\/wp-json\/wp\/v2\/media?parent=145754"}],"wp:term":[{"taxonomy":"category","embeddable":true,"href":"http:\/\/elcuartopoder.com.mx\/nw\/wp-json\/wp\/v2\/categories?post=145754"},{"taxonomy":"post_tag","embeddable":true,"href":"http:\/\/elcuartopoder.com.mx\/nw\/wp-json\/wp\/v2\/tags?post=145754"}],"curies":[{"name":"wp","href":"https:\/\/api.w.org\/{rel}","templated":true}]}}