{"id":145761,"date":"2025-09-27T14:45:41","date_gmt":"2025-09-27T19:45:41","guid":{"rendered":"https:\/\/elcuartopoder.com.mx\/nw\/?p=145761"},"modified":"2025-09-27T14:45:43","modified_gmt":"2025-09-27T19:45:43","slug":"genocidio-a-los-ojos-del-mundo-como-permitimos-la-tragedia-en-gaza","status":"publish","type":"post","link":"http:\/\/elcuartopoder.com.mx\/nw\/internacionales\/genocidio-a-los-ojos-del-mundo-como-permitimos-la-tragedia-en-gaza\/","title":{"rendered":"Genocidio a los ojos del mundo: \u00bfC\u00f3mo permitimos la tragedia en Gaza?"},"content":{"rendered":"\n<figure class=\"wp-block-embed is-type-video is-provider-youtube wp-block-embed-youtube wp-embed-aspect-16-9 wp-has-aspect-ratio\"><div class=\"wp-block-embed__wrapper\">\n<iframe loading=\"lazy\" title=\"#Radicales \u00ac Gaza: El genocidio a los ojos de todo el mundo\" width=\"696\" height=\"392\" src=\"https:\/\/www.youtube.com\/embed\/pKdS0MPBGXg?feature=oembed\" frameborder=\"0\" allow=\"accelerometer; autoplay; clipboard-write; encrypted-media; gyroscope; picture-in-picture; web-share\" referrerpolicy=\"strict-origin-when-cross-origin\" allowfullscreen><\/iframe>\n<\/div><\/figure>\n\n\n\n<h2 class=\"wp-block-heading\"><strong>En esta entrega de RADICALES, los periodistas Daniela Barrag\u00e1n, Meme Yamel, \u00c1lvaro Delgado y H\u00e9ctor Alejandro Quintanar abordaron el tema del genocidio en Gaza y el papel que han ejercido las grandes potencias del mundo. Cuestionaron que pa\u00edses como Estados Unidos respalden la intervenci\u00f3n militar de Israel y permitan que miles de personas mueran a diario.<\/strong><\/h2>\n\n\n\n<p>Ciudad de M\u00e9xico, 23 de septiembre (SinEmbargo).-\u00a0<strong>Benjam\u00edn Netanyahu<\/strong>\u00a0e\u00a0<strong>Israel<\/strong>\u00a0comenten ante los ojos del mundo un genocidio en\u00a0<strong>Gaza<\/strong>\u00a0que es solapado por todos los pa\u00edses del planeta, en especial por Estados Unidos y Donald Trump, se plante\u00f3 en RADICALES, programa de SinEmbargo Al Aire.<\/p>\n\n\n\n<figure class=\"wp-block-image size-large\"><img loading=\"lazy\" decoding=\"async\" width=\"1024\" height=\"464\" src=\"https:\/\/elcuartopoder.com.mx\/nw\/wp-content\/uploads\/2025\/09\/Gaza_cabecera-1024x464.png\" alt=\"\" class=\"wp-image-145763\" srcset=\"http:\/\/elcuartopoder.com.mx\/nw\/wp-content\/uploads\/2025\/09\/Gaza_cabecera-1024x464.png 1024w, http:\/\/elcuartopoder.com.mx\/nw\/wp-content\/uploads\/2025\/09\/Gaza_cabecera-300x136.png 300w, http:\/\/elcuartopoder.com.mx\/nw\/wp-content\/uploads\/2025\/09\/Gaza_cabecera-768x348.png 768w, http:\/\/elcuartopoder.com.mx\/nw\/wp-content\/uploads\/2025\/09\/Gaza_cabecera-696x316.png 696w, http:\/\/elcuartopoder.com.mx\/nw\/wp-content\/uploads\/2025\/09\/Gaza_cabecera.png 1200w\" sizes=\"auto, (max-width: 1024px) 100vw, 1024px\" \/><\/figure>\n\n\n\n<p>\u00ab\u00bfPor qu\u00e9 se ha cometido este genocidio a los ojos de todo el mundo en vivo? Yo pienso que tiene que ver con un ascenso del fascismo en todo el planeta. \u00bfPor qu\u00e9 Italia no ha asumido una posici\u00f3n al respecto? Pues porque lo gobierna una mujer, Meloni, que es muy parecida a Netanyahu y a Donald Trump\u00bb, afirm\u00f3 \u00c1lvaro Delgado.<\/p>\n\n\n\n<blockquote class=\"wp-block-quote is-layout-flow wp-block-quote-is-layout-flow\"><\/blockquote>\n\n\n\n<p>El periodista indic\u00f3 que tras el posicionamiento de M\u00e9xico y otro pa\u00edses de condenar el genocidio en Gaza y reconocer al Estado palestino tendr\u00e1 consecuencias.<\/p>\n\n\n\n<p>\u00abEs importante que la Presidenta de M\u00e9xico asuman una posici\u00f3n como jefa de Estado, eso va a tener consecuencias indiscutiblemente porque los poderes israel\u00edes en el planeta y M\u00e9xico son muy importantes, son muy poderosos los grupos sionistas\u00bb.<\/p>\n\n\n\n<figure class=\"wp-block-embed is-type-video is-provider-youtube wp-block-embed-youtube wp-embed-aspect-16-9 wp-has-aspect-ratio\"><div class=\"wp-block-embed__wrapper\">\n<iframe loading=\"lazy\" title=\"#Entrevista \u00ac Gaza es una fosa com\u00fan para toda la humanidad y sus leyes: Embajadora\" width=\"696\" height=\"392\" src=\"https:\/\/www.youtube.com\/embed\/7WY2MwmqlK0?feature=oembed\" frameborder=\"0\" allow=\"accelerometer; autoplay; clipboard-write; encrypted-media; gyroscope; picture-in-picture; web-share\" referrerpolicy=\"strict-origin-when-cross-origin\" allowfullscreen><\/iframe>\n<\/div><\/figure>\n\n\n\n<p>Por su parte, Meme Yamel afirm\u00f3 que el discurso de que el conflicto en Gaza tiene que ver con la b\u00fasqueda de la tierra prometida ha quedado en el pasado y solo busca legitimar la intervenci\u00f3n militar.<\/p>\n\n\n\n<p>\u00abLas personas son las que quedan en medio de una disputa por el territorio que nada tiene que ver con la tierra prometida, esa justificaci\u00f3n que utiliz\u00f3 Israel se utiliz\u00f3 hace mucho, quien se la crea no s\u00e9 qu\u00e9 im\u00e1genes este viendo. El propio Netanyahu ha dicho que ya no van a permitir la consolidaci\u00f3n del Estado Palestino. A estas alturas Netanyahu ya ni siquiera disimula\u00bb.<\/p>\n\n\n\n<figure class=\"wp-block-image size-full\"><img loading=\"lazy\" decoding=\"async\" width=\"850\" height=\"567\" src=\"https:\/\/elcuartopoder.com.mx\/nw\/wp-content\/uploads\/2025\/09\/Gaza_mujeres_442138060.png\" alt=\"\" class=\"wp-image-145764\" srcset=\"http:\/\/elcuartopoder.com.mx\/nw\/wp-content\/uploads\/2025\/09\/Gaza_mujeres_442138060.png 850w, http:\/\/elcuartopoder.com.mx\/nw\/wp-content\/uploads\/2025\/09\/Gaza_mujeres_442138060-300x200.png 300w, http:\/\/elcuartopoder.com.mx\/nw\/wp-content\/uploads\/2025\/09\/Gaza_mujeres_442138060-768x512.png 768w, http:\/\/elcuartopoder.com.mx\/nw\/wp-content\/uploads\/2025\/09\/Gaza_mujeres_442138060-696x464.png 696w\" sizes=\"auto, (max-width: 850px) 100vw, 850px\" \/><\/figure>\n\n\n\n<p>Meme se\u00f1al\u00f3 que la intervenci\u00f3n israel\u00ed en Gaza tiene que ver con un tema de intereses econ\u00f3micos de pa\u00edses como Estados Unidos para apropiarse de territorios.<\/p>\n\n\n\n<p>\u00abEl asunto de Gaza tiene que ver con intereses, el propio Donald Trump ha dicho que van a establecer en este territorio un complejo de lujo. Quien quiera que siga respaldando esto me parece terrible. No tiene justificaci\u00f3n y es molesto como estados tan poderosos le tienen miedo a Israel. Estamos hablando de un Estado, si todos se organizaran para dejar de fortalecerlo econ\u00f3micamente quiz\u00e1s vi\u00e9ramos una diferencia\u00bb.<\/p>\n\n\n\n<blockquote class=\"wp-block-quote is-layout-flow wp-block-quote-is-layout-flow\"><\/blockquote>\n\n\n\n<p>Los primeros ministros de Reino Unido, Keir Starmer; Canad\u00e1, Mark Carney; y de Australia, Anthony Albanese; as\u00ed como el Ministro de Asuntos Exteriores de Portugal, Paulo Rangel, anunciaron este domingo el reconocimiento de sus respectivos pa\u00edses al Estado palestino, un simb\u00f3lico movimiento conjunto que ya hab\u00edan anticipado en los \u00faltimos meses.<\/p>\n\n\n\n<p>Un d\u00eda mas tarde, el Presidente de Francia, Emmanuel Macron, se sum\u00f3 a otras potencias del mundo y reconoci\u00f3 al Estado palestino, en medio de fuertes presiones de Estados Unidos (EU) y de Israel para no hacerlo, mientras este \u00faltimo lleva a cabo un genocidio en tierras palestinas.<\/p>\n\n\n\n<p>\u201cFiel al compromiso hist\u00f3rico de mi pa\u00eds con Oriente Medio, con la paz entre israel\u00edes y palestinos, es por eso que declaro que hoy Francia reconoce el Estado de Palestina\u201d, dijo Macron durante una Asamblea General de la Organizaci\u00f3n de las Naciones Unidas (ONU).<\/p>\n\n\n\n<p>La Presidenta Claudia Sheinbaum Pardo tambi\u00e9n se uni\u00f3 al llamado y calific\u00f3 como un \u00abgenocidio\u00bb a lo ocurrido en la Franja de Gaza desde que inici\u00f3 la ofensiva israel\u00ed contra el enclave tras los ataques perpetrados por Ham\u00e1s el pasado 7 de octubre de 2023.<\/p>\n\n\n\n<p>\u00abNosotros hemos acompa\u00f1ado desde el Presidente [Andr\u00e9s Manuel] L\u00f3pez Obrador y ahora todas las denuncias que se presentaron junto con el Gobierno de Chile por la situaci\u00f3n que est\u00e1 viviendo Gaza, y todo el posicionamiento, de acuerdo con la comunidad internacional, de que pare este genocidio en Gaza. Esa es nuestra posici\u00f3n\u00bb, dijo.<\/p>\n\n\n\n<p>En su conferencia de prensa matutina, Sheinbaum Pardo se mostr\u00f3 a favor del reconocimiento de los dos Estados: \u00abel Estado de Israel y el Estado palestino\u00bb. Tambi\u00e9n asegur\u00f3 que \u00abno puede haber una agresi\u00f3n a la poblaci\u00f3n civil como la que est\u00e1 habiendo en este momento\u00bb.<\/p>\n\n\n\n<figure class=\"wp-block-embed is-type-video is-provider-youtube wp-block-embed-youtube wp-embed-aspect-16-9 wp-has-aspect-ratio\"><div class=\"wp-block-embed__wrapper\">\n<iframe loading=\"lazy\" title=\"Sheinbaum lo llama \u201cgenocidio\u201d y recuerda que M\u00e9xico reconoci\u00f3 a Embajadora palestina\" width=\"696\" height=\"392\" src=\"https:\/\/www.youtube.com\/embed\/b87g3I9Yv_w?feature=oembed\" frameborder=\"0\" allow=\"accelerometer; autoplay; clipboard-write; encrypted-media; gyroscope; picture-in-picture; web-share\" referrerpolicy=\"strict-origin-when-cross-origin\" allowfullscreen><\/iframe>\n<\/div><\/figure>\n\n\n\n<p>Al respecto, Daniela Barrag\u00e1n indic\u00f3 que a pesar de toda la informaci\u00f3n que surge respecto a Gaza, algunos medios mantienen un bloqueo para tratar de impedir que esta continue difundi\u00e9ndose.<\/p>\n\n\n\n<p>\u00abEn el tema de Gaza est\u00e1 demostrado de que si se le puede poner un tope a la informaci\u00f3n, se puede. \u00bfC\u00f3mo confiar en los medios de comunicaci\u00f3n? Ese es un gran debate en este conflicto pues hay muchos medios que obedecen a la narrativa de Israel, a la narrativa de los intereses de Estados Unidos. S\u00ed hay un mar de informaci\u00f3n, pero hay una dificultad para acceder a ella\u00bb.<\/p>\n\n\n\n<blockquote class=\"wp-block-quote is-layout-flow wp-block-quote-is-layout-flow\"><\/blockquote>\n\n\n\n<p>La periodista destac\u00f3 las declaraciones de la Presidenta Sheinbaum, pero a su vez cuestion\u00f3 que varios pa\u00edses del mundo apenas condenen el genocidio, despu\u00e9s de varios meses de ataques a Gaza.<\/p>\n\n\n\n<p>\u00abUna de las situaciones que nos lleva a hablar de esto hoy es la declaraci\u00f3n que da la Presidenta Claudia Sheinbaum quien por primera vez nombra la palabra \u2018genocidio\u2019, lo cual es impresionante que despu\u00e9s de tantos muertos nuestros gobernantes est\u00e9n apenas formulando una palabra que ya est\u00e1 en boca de muchos desde hace mucho tiempo. Creo que no solamente la Presidenta de M\u00e9xico, sino muchos jefes de Estado, llegan muy tarde a este gran paso\u00bb.<\/p>\n\n\n\n<p>Finalmente, H\u00e9ctor Alejandro Quintanar afirm\u00f3 que el nombre de Benjam\u00edn Netanyahu pasar\u00e1 a la historia y ser\u00e1 relacionado con el fascismo del siglo XXI.<\/p>\n\n\n\n<p>\u00abYo quiero decir con algo que quiz\u00e1s hace dos a\u00f1os hubiera sonado provocador, creo que en este momento ya suena como una verdad que debe asentarse. El fascismo del siglo XXI va a tener el rostro de Netanyahu, tenemos que pensar al nazismo del siglo XXI con el rostro de Netanyahu y la base que le da soporte. Estos seres son producto de una gama hist\u00f3rica, lo que est\u00e1 haciendo Netanyahu, que es un genocidio, est\u00e1 respaldado por mucha gente en Israel. No es un loquito actuando con todo el poder que le dieron en su pa\u00eds, hay un apoyo vergonzoso\u00bb.<\/p>\n\n\n\n<p>Fuente: sinembargo<\/p>\n","protected":false},"excerpt":{"rendered":"<p>En esta entrega de RADICALES, los periodistas Daniela Barrag\u00e1n, Meme Yamel, \u00c1lvaro Delgado y H\u00e9ctor Alejandro Quintanar abordaron el tema del genocidio en Gaza y el papel que han ejercido las grandes potencias del mundo. Cuestionaron que pa\u00edses como Estados Unidos respalden la intervenci\u00f3n militar de Israel y permitan que miles de personas mueran a [&hellip;]<\/p>\n","protected":false},"author":2,"featured_media":145762,"comment_status":"open","ping_status":"open","sticky":false,"template":"","format":"standard","meta":{"footnotes":""},"categories":[8],"tags":[],"class_list":["post-145761","post","type-post","status-publish","format-standard","has-post-thumbnail","hentry","category-internacionales"],"_links":{"self":[{"href":"http:\/\/elcuartopoder.com.mx\/nw\/wp-json\/wp\/v2\/posts\/145761","targetHints":{"allow":["GET"]}}],"collection":[{"href":"http:\/\/elcuartopoder.com.mx\/nw\/wp-json\/wp\/v2\/posts"}],"about":[{"href":"http:\/\/elcuartopoder.com.mx\/nw\/wp-json\/wp\/v2\/types\/post"}],"author":[{"embeddable":true,"href":"http:\/\/elcuartopoder.com.mx\/nw\/wp-json\/wp\/v2\/users\/2"}],"replies":[{"embeddable":true,"href":"http:\/\/elcuartopoder.com.mx\/nw\/wp-json\/wp\/v2\/comments?post=145761"}],"version-history":[{"count":1,"href":"http:\/\/elcuartopoder.com.mx\/nw\/wp-json\/wp\/v2\/posts\/145761\/revisions"}],"predecessor-version":[{"id":145765,"href":"http:\/\/elcuartopoder.com.mx\/nw\/wp-json\/wp\/v2\/posts\/145761\/revisions\/145765"}],"wp:featuredmedia":[{"embeddable":true,"href":"http:\/\/elcuartopoder.com.mx\/nw\/wp-json\/wp\/v2\/media\/145762"}],"wp:attachment":[{"href":"http:\/\/elcuartopoder.com.mx\/nw\/wp-json\/wp\/v2\/media?parent=145761"}],"wp:term":[{"taxonomy":"category","embeddable":true,"href":"http:\/\/elcuartopoder.com.mx\/nw\/wp-json\/wp\/v2\/categories?post=145761"},{"taxonomy":"post_tag","embeddable":true,"href":"http:\/\/elcuartopoder.com.mx\/nw\/wp-json\/wp\/v2\/tags?post=145761"}],"curies":[{"name":"wp","href":"https:\/\/api.w.org\/{rel}","templated":true}]}}