{"id":145766,"date":"2025-09-27T14:54:14","date_gmt":"2025-09-27T19:54:14","guid":{"rendered":"https:\/\/elcuartopoder.com.mx\/nw\/?p=145766"},"modified":"2025-09-27T14:54:15","modified_gmt":"2025-09-27T19:54:15","slug":"recogeran-autoridades-municipales-de-playa-del-carmen-el-parecer-de-la-ciudadania-para-integrar-observaciones-en-el-programa-de-actualizacion-del-pdu","status":"publish","type":"post","link":"http:\/\/elcuartopoder.com.mx\/nw\/municipales\/recogeran-autoridades-municipales-de-playa-del-carmen-el-parecer-de-la-ciudadania-para-integrar-observaciones-en-el-programa-de-actualizacion-del-pdu\/","title":{"rendered":"Recoger\u00e1n autoridades municipales de Playa del Carmen el parecer de la ciudadan\u00eda para integrar observaciones en el programa de actualizaci\u00f3n del PDU"},"content":{"rendered":"\n<p><strong>PLAYA DEL CARMEN, MX.-<\/strong>&nbsp;Para nutrir el programa de desarrollo urbano, las autoridades, colegios y especialistas que trabajan en este documento para su actualizaci\u00f3n, ya salieron a las calles para recoger las impresiones de la ciudadan\u00eda en general.<\/p>\n\n\n\n<p>De acuerdo con el cuarto regidor encargado de la Comisi\u00f3n de Desarrollo Urbano, Uri Carmona Islas, la idea es escucharlos y que haya un intercambio en la comunicaci\u00f3n con la ciudadan\u00eda.<\/p>\n\n\n\n<p>De hecho, coment\u00f3 que este mi\u00e9rcoles sostendr\u00edan una reuni\u00f3n con los integrantes del Ejido de Playa del Carmen para presentarles el proyecto en general y que ellos a su vez hagan sus observaciones dado que una importante superficie de la tierra que comprende este municipio es de ellos.<\/p>\n\n\n\n<p>Agreg\u00f3 que, con este ejercicio, la gente puede hacer las observaciones sobre algunos temas o puntos que se les pudieran pasar a las autoridades y colegios para que puedan ser integrados a este programa de desarrollo urbano.<\/p>\n\n\n\n<p>Por lo anterior consider\u00f3 que el proyecto va caminando muy bien pues incluso ya se invit\u00f3 a los comit\u00e9s vecinales para tomar en cuenta todas las opiniones.<\/p>\n\n\n\n<p>Fuente: NC<\/p>\n","protected":false},"excerpt":{"rendered":"<p>PLAYA DEL CARMEN, MX.-&nbsp;Para nutrir el programa de desarrollo urbano, las autoridades, colegios y especialistas que trabajan en este documento para su actualizaci\u00f3n, ya salieron a las calles para recoger las impresiones de la ciudadan\u00eda en general. De acuerdo con el cuarto regidor encargado de la Comisi\u00f3n de Desarrollo Urbano, Uri Carmona Islas, la idea [&hellip;]<\/p>\n","protected":false},"author":2,"featured_media":145767,"comment_status":"open","ping_status":"open","sticky":false,"template":"","format":"standard","meta":{"footnotes":""},"categories":[6],"tags":[],"class_list":["post-145766","post","type-post","status-publish","format-standard","has-post-thumbnail","hentry","category-municipales"],"_links":{"self":[{"href":"http:\/\/elcuartopoder.com.mx\/nw\/wp-json\/wp\/v2\/posts\/145766","targetHints":{"allow":["GET"]}}],"collection":[{"href":"http:\/\/elcuartopoder.com.mx\/nw\/wp-json\/wp\/v2\/posts"}],"about":[{"href":"http:\/\/elcuartopoder.com.mx\/nw\/wp-json\/wp\/v2\/types\/post"}],"author":[{"embeddable":true,"href":"http:\/\/elcuartopoder.com.mx\/nw\/wp-json\/wp\/v2\/users\/2"}],"replies":[{"embeddable":true,"href":"http:\/\/elcuartopoder.com.mx\/nw\/wp-json\/wp\/v2\/comments?post=145766"}],"version-history":[{"count":1,"href":"http:\/\/elcuartopoder.com.mx\/nw\/wp-json\/wp\/v2\/posts\/145766\/revisions"}],"predecessor-version":[{"id":145768,"href":"http:\/\/elcuartopoder.com.mx\/nw\/wp-json\/wp\/v2\/posts\/145766\/revisions\/145768"}],"wp:featuredmedia":[{"embeddable":true,"href":"http:\/\/elcuartopoder.com.mx\/nw\/wp-json\/wp\/v2\/media\/145767"}],"wp:attachment":[{"href":"http:\/\/elcuartopoder.com.mx\/nw\/wp-json\/wp\/v2\/media?parent=145766"}],"wp:term":[{"taxonomy":"category","embeddable":true,"href":"http:\/\/elcuartopoder.com.mx\/nw\/wp-json\/wp\/v2\/categories?post=145766"},{"taxonomy":"post_tag","embeddable":true,"href":"http:\/\/elcuartopoder.com.mx\/nw\/wp-json\/wp\/v2\/tags?post=145766"}],"curies":[{"name":"wp","href":"https:\/\/api.w.org\/{rel}","templated":true}]}}