{"id":145769,"date":"2025-09-27T14:56:05","date_gmt":"2025-09-27T19:56:05","guid":{"rendered":"https:\/\/elcuartopoder.com.mx\/nw\/?p=145769"},"modified":"2025-09-27T14:56:06","modified_gmt":"2025-09-27T19:56:06","slug":"van-por-mejora-del-transporte-publico-e-incremento-de-tarifas-en-cancun","status":"publish","type":"post","link":"http:\/\/elcuartopoder.com.mx\/nw\/municipales\/van-por-mejora-del-transporte-publico-e-incremento-de-tarifas-en-cancun\/","title":{"rendered":"Van por mejora del transporte p\u00fablico e incremento de tarifas en Canc\u00fan"},"content":{"rendered":"\n<p>Se enviar\u00e1 una reforma para cambiar el modelo de concesi\u00f3n y garantizar est\u00e1ndares de calidad en el servicio.<\/p>\n\n\n\n<p><strong>El reordenamiento de rutas urbanas de transporte p\u00fablico en Canc\u00fan contempla la incorporaci\u00f3n de nuevo y mejor parque&nbsp;&nbsp;vehicular<\/strong>, centros de transferencia y ampliaci\u00f3n del servicio hacia zonas que no tienen cobertura, as\u00ed como un posible incremento de tarifas, en funci\u00f3n del cumplimiento de compromisos por parte de los concesionarios, inform\u00f3 Rafael Hern\u00e1ndez Kotasek, titular del Instituto de Movilidad de Quintana Roo (Imoveqroo).<\/p>\n\n\n\n<p><em>\u201cNo se descarta un alza de tarifas, siempre y cuando haya un compromiso por parte de los concesionarios de dar el servicio y ese compromiso tendr\u00eda que ser legal, es decir no de palabra, y dos s\u00ed y solo s\u00ed, si la ciudadan\u00eda estar\u00eda de acuerdo en esta actualizaci\u00f3n, considerando una mejora en el servicio\u201d, dijo.<\/em><\/p>\n\n\n\n<blockquote class=\"wp-block-quote is-layout-flow wp-block-quote-is-layout-flow\"><\/blockquote>\n\n\n\n<p>Explic\u00f3 que&nbsp;<strong>el reordenamiento de rutas busca mejorar la suficiencia del transporte p\u00fablico en Canc\u00fan<\/strong>, abordando la falta de servicio en ciertas zonas, para lo cual se coordina con el Ayuntamiento, responsable del transporte p\u00fablico masivo (autobuses), mientras que el estado regula las combis.<\/p>\n\n\n\n<p>Adem\u00e1s, se planea completar el servicio de autobuses y establecer centros de transferencia para optimizar las rutas y evitar el doble pasaje.<\/p>\n\n\n\n<p>Adelant\u00f3 que&nbsp;<strong>ya se est\u00e1n realizando pruebas con autobuses de 18 metros en Canc\u00fan<\/strong>, y se considera viable su implementaci\u00f3n; estos autobuses podr\u00edan transportar hasta 170 personas y se utilizar\u00edan en horas pico para reducir los tiempos de espera.<\/p>\n\n\n\n<p>Adelant\u00f3 que se evaluar\u00e1n los retornos vehiculares en la zona hotelera y se determinar\u00e1 si son viables o no; adem\u00e1s que se planea implementar el pago electr\u00f3nico para evitar el doble pasaje en los transbordos, con descuentos autom\u00e1ticos.<\/p>\n\n\n\n<p>Tambi\u00e9n&nbsp;<strong>enviar\u00e1n una reforma para cambiar el modelo de concesi\u00f3n<\/strong>&nbsp;y garantizar est\u00e1ndares de calidad en el servicio, como modernizaci\u00f3n del parque vehicular en todo el estado con la incorporaci\u00f3n de nuevas unidades, lo que implica un proceso de transici\u00f3n hasta 2026.<\/p>\n\n\n\n<p>Sobre el alza de tarifas explic\u00f3 que \u00e9sta se dar\u00e1 s\u00f3lo despu\u00e9s de recoger la opini\u00f3n de la ciudadan\u00eda a trav\u00e9s de encuestas, pues se busca un compromiso de los concesionarios para mejorar el servicio, incluyendo mayor cobertura y frecuencia.<\/p>\n\n\n\n<p>Explic\u00f3 que&nbsp;<strong>el costo real del transporte se sit\u00faa actualmente entre 21 y 24 pesos<\/strong>, lo cual rebasa por mucho el precio actual hacia el usuario, sin embargo, s\u00ed se plantear\u00e1 un incremento en funci\u00f3n de lo que la ciudadan\u00eda est\u00e9 dispuesta a pagar a cambio de un mejor servicio.<\/p>\n\n\n\n<p>\u201cSe les preguntar\u00e1 a la gente si est\u00e1 dispuesta a una actualizaci\u00f3n de la tarifa, pero con mayor parque vehicular, con unidades modernas, donde ya haya cobertura hasta tu colonia, en donde pase el autob\u00fas cada 5 minutos, donde no tengas que esperarte 40 minutos para subir y con base en eso es que estaremos decidiendo los siguientes pasos\u201d, expuso el titular del Imoveqroo. <\/p>\n\n\n\n<p>Fuente: SIPSE \/  Jes\u00fas V\u00e1zquez<\/p>\n","protected":false},"excerpt":{"rendered":"<p>Se enviar\u00e1 una reforma para cambiar el modelo de concesi\u00f3n y garantizar est\u00e1ndares de calidad en el servicio. El reordenamiento de rutas urbanas de transporte p\u00fablico en Canc\u00fan contempla la incorporaci\u00f3n de nuevo y mejor parque&nbsp;&nbsp;vehicular, centros de transferencia y ampliaci\u00f3n del servicio hacia zonas que no tienen cobertura, as\u00ed como un posible incremento de [&hellip;]<\/p>\n","protected":false},"author":2,"featured_media":145770,"comment_status":"open","ping_status":"open","sticky":false,"template":"","format":"standard","meta":{"footnotes":""},"categories":[6],"tags":[],"class_list":["post-145769","post","type-post","status-publish","format-standard","has-post-thumbnail","hentry","category-municipales"],"_links":{"self":[{"href":"http:\/\/elcuartopoder.com.mx\/nw\/wp-json\/wp\/v2\/posts\/145769","targetHints":{"allow":["GET"]}}],"collection":[{"href":"http:\/\/elcuartopoder.com.mx\/nw\/wp-json\/wp\/v2\/posts"}],"about":[{"href":"http:\/\/elcuartopoder.com.mx\/nw\/wp-json\/wp\/v2\/types\/post"}],"author":[{"embeddable":true,"href":"http:\/\/elcuartopoder.com.mx\/nw\/wp-json\/wp\/v2\/users\/2"}],"replies":[{"embeddable":true,"href":"http:\/\/elcuartopoder.com.mx\/nw\/wp-json\/wp\/v2\/comments?post=145769"}],"version-history":[{"count":1,"href":"http:\/\/elcuartopoder.com.mx\/nw\/wp-json\/wp\/v2\/posts\/145769\/revisions"}],"predecessor-version":[{"id":145771,"href":"http:\/\/elcuartopoder.com.mx\/nw\/wp-json\/wp\/v2\/posts\/145769\/revisions\/145771"}],"wp:featuredmedia":[{"embeddable":true,"href":"http:\/\/elcuartopoder.com.mx\/nw\/wp-json\/wp\/v2\/media\/145770"}],"wp:attachment":[{"href":"http:\/\/elcuartopoder.com.mx\/nw\/wp-json\/wp\/v2\/media?parent=145769"}],"wp:term":[{"taxonomy":"category","embeddable":true,"href":"http:\/\/elcuartopoder.com.mx\/nw\/wp-json\/wp\/v2\/categories?post=145769"},{"taxonomy":"post_tag","embeddable":true,"href":"http:\/\/elcuartopoder.com.mx\/nw\/wp-json\/wp\/v2\/tags?post=145769"}],"curies":[{"name":"wp","href":"https:\/\/api.w.org\/{rel}","templated":true}]}}