{"id":145779,"date":"2025-09-27T15:05:46","date_gmt":"2025-09-27T20:05:46","guid":{"rendered":"https:\/\/elcuartopoder.com.mx\/nw\/?p=145779"},"modified":"2025-09-27T15:05:48","modified_gmt":"2025-09-27T20:05:48","slug":"jefe-regional-de-la-fiscalia-de-guanajuato-es-asesinado-en-la-carretera-san-felipe","status":"publish","type":"post","link":"http:\/\/elcuartopoder.com.mx\/nw\/policiacas\/jefe-regional-de-la-fiscalia-de-guanajuato-es-asesinado-en-la-carretera-san-felipe\/","title":{"rendered":"Jefe regional de la Fiscal\u00eda de Guanajuato es asesinado en la carretera San Felipe"},"content":{"rendered":"\n<h2 class=\"wp-block-heading\"><strong>Un ataque armado en la carretera San Felipe\u2013Dolores Hidalgo dej\u00f3 muerto al Jefe regional de la FGE, un herido y un fuerte despliegue de seguridad.<\/strong><\/h2>\n\n\n\n<p>Guanajuato, 25 de septiembre (Zona Franca).- La ma\u00f1ana de este jueves se registr\u00f3 un<strong>\u00a0violento ataque armado<\/strong>\u00a0sobre la carretera\u00a0<strong>San Felipe\u2013Dolores Hidalgo<\/strong>, que dej\u00f3 un\u00a0<strong>veh\u00edculo<\/strong>\u00a0incendiado,<strong>\u00a0una persona lesionada<\/strong>\u00a0y la\u00a0<strong>muerte<\/strong>\u00a0de\u00a0<strong>Juan Alberto Camarillo Zavala<\/strong>,\u00a0<strong>Jefe regional<\/strong>\u00a0de la\u00a0<strong>Fiscal\u00eda General del Estado\u00a0<\/strong>de<strong>Guanajuato<\/strong>\u00a0(<strong>FGE<\/strong>), Delegaci\u00f3n D.<\/p>\n\n\n\n<p>El hecho ocurri\u00f3 entre las comunidades de&nbsp;<strong>La Estancia<\/strong>&nbsp;y&nbsp;<strong>Capillas<\/strong>, cuando se desat\u00f3 una persecuci\u00f3n armada que culmin\u00f3 con la ejecuci\u00f3n del funcionario. El cuerpo de Camarillo Zavala qued\u00f3 a un costado de la&nbsp;<strong>carretera<\/strong>, mientras que un autom\u00f3vil termin\u00f3 incendiado en la entrada de La Estancia.<\/p>\n\n\n\n<p>Extraoficialmente se inform\u00f3 que otra persona result\u00f3 lesionada y fue trasladada a un hospital de la zona para recibir atenci\u00f3n m\u00e9dica. Adem\u00e1s, en la escena se localiz\u00f3 un veh\u00edculo tipo March, color blanco, abandonado cerca de las granjas Bachoco, en la comunidad de Rancho Nuevo, que podr\u00eda estar relacionado con los hechos.<\/p>\n\n\n\n<p>Tras el ataque, se despleg\u00f3 una fuerte movilizaci\u00f3n de corporaciones de seguridad, entre ellas la Fuerzas de Seguridad P\u00fablica del Estado (FSPE), Guardia Nacional, Polic\u00eda Ministerial, Polic\u00eda Municipal y servicios de emergencia, que mantienen resguardo en la zona.<\/p>\n\n\n\n<p>Juan Alberto, originario de San Felipe, contaba con m\u00e1s de 25 a\u00f1os de servicio en la Fiscal\u00eda y estaba encargado de la coordinaci\u00f3n en los municipios de San Felipe, Ocampo, Dolores Hidalgo y San Diego de la Uni\u00f3n.<\/p>\n\n\n\n<p>La Fiscal\u00eda General del Estado conden\u00f3 el asesinato de Juan Alberto \u201cN\u201d, Jefe de Unidad de Tramitaci\u00f3n Com\u00fan, quien fue privado de la libertad y posteriormente asesinado mientras se dirig\u00eda a cumplir con sus funciones.<\/p>\n\n\n\n<p>La instituci\u00f3n se\u00f1al\u00f3 que el ataque fue premeditado y dirigido en su contra. Juan Alberto era considerado un servidor p\u00fablico ejemplar, comprometido con su labor, cuya muerte representa no s\u00f3lo una p\u00e9rdida irreparable para la Fiscal\u00eda, sino tambi\u00e9n una afrenta directa contra el Estado y la legalidad.<\/p>\n\n\n\n<p>\u201cLa fuerza del Estado se har\u00e1 sentir, porque no habr\u00e1 impunidad. Cada ataque contra un servidor p\u00fablico en cumplimiento de su deber ser\u00e1 respondido con la aplicaci\u00f3n plena y en\u00e9rgica de la Ley\u201d, expres\u00f3 la FGE en un comunicado.<\/p>\n\n\n\n<p>Las autoridades informaron que ya se realizan actos de investigaci\u00f3n en coordinaci\u00f3n con corporaciones estatales y federales, con el objetivo de identificar, ubicar y llevar ante la justicia a los responsables.<\/p>\n\n\n\n<p>La Fiscal\u00eda reiter\u00f3 su compromiso con la ciudadan\u00eda de garantizar el Estado de Derecho y honrar la memoria de quienes han perdido la vida en la defensa de la justicia.<\/p>\n\n\n\n<h2 class=\"wp-block-heading\">San Felipe colaborar\u00e1 en investigaciones<\/h2>\n\n\n\n<p>El Gobierno Municipal de San Felipe inform\u00f3 que colaborar\u00e1 con autoridades estatales y federales en las investigaciones del ataque armado ocurrido esta ma\u00f1ana sobre la carretera San Felipe\u2013Dolores Hidalgo.<\/p>\n\n\n\n<p>La Direcci\u00f3n de Seguridad P\u00fablica, Tr\u00e1nsito y Vialidad indic\u00f3 que se implement\u00f3 un operativo en la zona, adem\u00e1s de brindar apoyo en el levantamiento de indicios y labores de resguardo.<\/p>\n\n\n\n<figure class=\"wp-block-embed is-type-video is-provider-youtube wp-block-embed-youtube wp-embed-aspect-16-9 wp-has-aspect-ratio\"><div class=\"wp-block-embed__wrapper\">\n<iframe loading=\"lazy\" title=\"#PuntosYComas \u00ac EdoMex, Jalisco y Guanajuato concentran zonas urbanas cr\u00edticas\" width=\"696\" height=\"392\" src=\"https:\/\/www.youtube.com\/embed\/34P5dXxI85c?feature=oembed\" frameborder=\"0\" allow=\"accelerometer; autoplay; clipboard-write; encrypted-media; gyroscope; picture-in-picture; web-share\" referrerpolicy=\"strict-origin-when-cross-origin\" allowfullscreen><\/iframe>\n<\/div><\/figure>\n\n\n\n<p>El municipio reiter\u00f3 su disposici\u00f3n de trabajar de manera coordinada con la Fiscal\u00eda y dem\u00e1s corporaciones para esclarecer el hecho, y expres\u00f3 sus condolencias a familiares, amistades y compa\u00f1eros de la v\u00edctima.<\/p>\n\n\n\n<p>Fuente: sinembargo<\/p>\n","protected":false},"excerpt":{"rendered":"<p>Un ataque armado en la carretera San Felipe\u2013Dolores Hidalgo dej\u00f3 muerto al Jefe regional de la FGE, un herido y un fuerte despliegue de seguridad. Guanajuato, 25 de septiembre (Zona Franca).- La ma\u00f1ana de este jueves se registr\u00f3 un\u00a0violento ataque armado\u00a0sobre la carretera\u00a0San Felipe\u2013Dolores Hidalgo, que dej\u00f3 un\u00a0veh\u00edculo\u00a0incendiado,\u00a0una persona lesionada\u00a0y la\u00a0muerte\u00a0de\u00a0Juan Alberto Camarillo Zavala,\u00a0Jefe regional\u00a0de [&hellip;]<\/p>\n","protected":false},"author":2,"featured_media":145780,"comment_status":"open","ping_status":"open","sticky":false,"template":"","format":"standard","meta":{"footnotes":""},"categories":[23],"tags":[],"class_list":["post-145779","post","type-post","status-publish","format-standard","has-post-thumbnail","hentry","category-policiacas"],"_links":{"self":[{"href":"http:\/\/elcuartopoder.com.mx\/nw\/wp-json\/wp\/v2\/posts\/145779","targetHints":{"allow":["GET"]}}],"collection":[{"href":"http:\/\/elcuartopoder.com.mx\/nw\/wp-json\/wp\/v2\/posts"}],"about":[{"href":"http:\/\/elcuartopoder.com.mx\/nw\/wp-json\/wp\/v2\/types\/post"}],"author":[{"embeddable":true,"href":"http:\/\/elcuartopoder.com.mx\/nw\/wp-json\/wp\/v2\/users\/2"}],"replies":[{"embeddable":true,"href":"http:\/\/elcuartopoder.com.mx\/nw\/wp-json\/wp\/v2\/comments?post=145779"}],"version-history":[{"count":1,"href":"http:\/\/elcuartopoder.com.mx\/nw\/wp-json\/wp\/v2\/posts\/145779\/revisions"}],"predecessor-version":[{"id":145781,"href":"http:\/\/elcuartopoder.com.mx\/nw\/wp-json\/wp\/v2\/posts\/145779\/revisions\/145781"}],"wp:featuredmedia":[{"embeddable":true,"href":"http:\/\/elcuartopoder.com.mx\/nw\/wp-json\/wp\/v2\/media\/145780"}],"wp:attachment":[{"href":"http:\/\/elcuartopoder.com.mx\/nw\/wp-json\/wp\/v2\/media?parent=145779"}],"wp:term":[{"taxonomy":"category","embeddable":true,"href":"http:\/\/elcuartopoder.com.mx\/nw\/wp-json\/wp\/v2\/categories?post=145779"},{"taxonomy":"post_tag","embeddable":true,"href":"http:\/\/elcuartopoder.com.mx\/nw\/wp-json\/wp\/v2\/tags?post=145779"}],"curies":[{"name":"wp","href":"https:\/\/api.w.org\/{rel}","templated":true}]}}