{"id":145801,"date":"2025-09-29T06:02:21","date_gmt":"2025-09-29T11:02:21","guid":{"rendered":"https:\/\/elcuartopoder.com.mx\/nw\/?p=145801"},"modified":"2025-09-29T06:22:37","modified_gmt":"2025-09-29T11:22:37","slug":"feijoo-exige-al-gobierno-promover-el-retorno-de-los-menores-a-sus-paises-de-origen-cuando-los-datos-lo-permitan","status":"publish","type":"post","link":"http:\/\/elcuartopoder.com.mx\/nw\/politica\/feijoo-exige-al-gobierno-promover-el-retorno-de-los-menores-a-sus-paises-de-origen-cuando-los-datos-lo-permitan\/","title":{"rendered":"Feij\u00f3o exige al Gobierno promover el retorno de los menores a sus pa\u00edses de origen cuando los datos lo permitan"},"content":{"rendered":"\n<h2 class=\"wp-block-heading\">El presidente del PP y los presidentes de comunidades aut\u00f3nomas de la formaci\u00f3n firman la &#8216;Declaraci\u00f3n de Murcia&#8217;, un documento de 15 p\u00e1ginas sobre inmigraci\u00f3n<\/h2>\n\n\n\n<p>El l\u00edder del Partido Popular, Alberto N\u00fa\u00f1ez Feij\u00f3o, y los presidentes auton\u00f3micos de su formaci\u00f3n han reclamado este domingo al Gobierno de Pedro S\u00e1nchez que \u00abasuma la atenci\u00f3n y financiaci\u00f3n directa\u00bb de los menores migrantes no acompa\u00f1ados ante la \u00abactual saturaci\u00f3n de los recursos de las comunidades aut\u00f3nomas\u00bb y que promueva en la medida de lo posible el \u00abretorno\u00bb y la \u00abreunificaci\u00f3n familiar\u00bb en sus pa\u00edses de origen.<\/p>\n\n\n\n<p>\u00abLa gesti\u00f3n de los menores no acompa\u00f1ados no puede ser el fruto de un reparto arbitrario y sin transparencia, y mucho menos instrumento de negociaci\u00f3n pol\u00edtica entre el Gobierno central y sus socios separatistas\u00bb, asegura el PP en la llamada &#8216;Declaraci\u00f3n de la regi\u00f3n de Murcia&#8217; que han firmado p\u00fablicamente Feij\u00f3o sus &#8216;barones&#8217; este domingo, seg\u00fan recoge Europa Press.<\/p>\n\n\n\n<p>La declaraci\u00f3n se firma cuando Gobierno y oposici\u00f3n est\u00e1n enfrentados por el problema del reparto de 4.000 menores que ahora mismo se encuentran en Canarias, con los recursos saturados, y cuando el partido de Feij\u00f3o se prepara para presentar un plan sobre inmigraci\u00f3n con medidas m\u00e1s restrictivas, como public\u00f3 ayer este diario.<\/p>\n\n\n\n<p>En el texto de 15 p\u00e1ginas que han suscrito Feij\u00f3o y sus presidentes aseguran que el Gobierno de Pedro S\u00e1nchez \u00abdebe asumir su responsabilidad y las consecuencias de su fracaso en la pol\u00edtica migratoria tambi\u00e9n en este \u00e1mbito\u00bb.<\/p>\n\n\n\n<p>\u00abPor ello, volvemos a exigir -al Gobierno- que garantice la determinaci\u00f3n de edad y que asuma la atenci\u00f3n y financiaci\u00f3n directa de los menores no acompa\u00f1ados ante la actual saturaci\u00f3n de los recursos de las comunidades\u00bb, se\u00f1ala el PP, que a\u00f1ade que \u00absiempre que existan datos que lo permitan, debe promover el retorno y la reunificaci\u00f3n familiar en los pa\u00edses de origen\u00bb.<\/p>\n\n\n\n<p>Fuente: ABC<\/p>\n\n\n\n<p><a href=\"javascript:void(0)\"><\/a><\/p>\n","protected":false},"excerpt":{"rendered":"<p>El presidente del PP y los presidentes de comunidades aut\u00f3nomas de la formaci\u00f3n firman la &#8216;Declaraci\u00f3n de Murcia&#8217;, un documento de 15 p\u00e1ginas sobre inmigraci\u00f3n El l\u00edder del Partido Popular, Alberto N\u00fa\u00f1ez Feij\u00f3o, y los presidentes auton\u00f3micos de su formaci\u00f3n han reclamado este domingo al Gobierno de Pedro S\u00e1nchez que \u00abasuma la atenci\u00f3n y financiaci\u00f3n [&hellip;]<\/p>\n","protected":false},"author":2,"featured_media":145826,"comment_status":"open","ping_status":"open","sticky":false,"template":"","format":"standard","meta":{"footnotes":""},"categories":[61],"tags":[],"class_list":["post-145801","post","type-post","status-publish","format-standard","has-post-thumbnail","hentry","category-politica"],"_links":{"self":[{"href":"http:\/\/elcuartopoder.com.mx\/nw\/wp-json\/wp\/v2\/posts\/145801","targetHints":{"allow":["GET"]}}],"collection":[{"href":"http:\/\/elcuartopoder.com.mx\/nw\/wp-json\/wp\/v2\/posts"}],"about":[{"href":"http:\/\/elcuartopoder.com.mx\/nw\/wp-json\/wp\/v2\/types\/post"}],"author":[{"embeddable":true,"href":"http:\/\/elcuartopoder.com.mx\/nw\/wp-json\/wp\/v2\/users\/2"}],"replies":[{"embeddable":true,"href":"http:\/\/elcuartopoder.com.mx\/nw\/wp-json\/wp\/v2\/comments?post=145801"}],"version-history":[{"count":1,"href":"http:\/\/elcuartopoder.com.mx\/nw\/wp-json\/wp\/v2\/posts\/145801\/revisions"}],"predecessor-version":[{"id":145803,"href":"http:\/\/elcuartopoder.com.mx\/nw\/wp-json\/wp\/v2\/posts\/145801\/revisions\/145803"}],"wp:featuredmedia":[{"embeddable":true,"href":"http:\/\/elcuartopoder.com.mx\/nw\/wp-json\/wp\/v2\/media\/145826"}],"wp:attachment":[{"href":"http:\/\/elcuartopoder.com.mx\/nw\/wp-json\/wp\/v2\/media?parent=145801"}],"wp:term":[{"taxonomy":"category","embeddable":true,"href":"http:\/\/elcuartopoder.com.mx\/nw\/wp-json\/wp\/v2\/categories?post=145801"},{"taxonomy":"post_tag","embeddable":true,"href":"http:\/\/elcuartopoder.com.mx\/nw\/wp-json\/wp\/v2\/tags?post=145801"}],"curies":[{"name":"wp","href":"https:\/\/api.w.org\/{rel}","templated":true}]}}