{"id":145810,"date":"2025-09-29T06:08:29","date_gmt":"2025-09-29T11:08:29","guid":{"rendered":"https:\/\/elcuartopoder.com.mx\/nw\/?p=145810"},"modified":"2025-09-29T06:08:30","modified_gmt":"2025-09-29T11:08:30","slug":"adan-augusto-a-un-paso-del-infierno","status":"publish","type":"post","link":"http:\/\/elcuartopoder.com.mx\/nw\/editorial\/adan-augusto-a-un-paso-del-infierno\/","title":{"rendered":"Ad\u00e1n Augusto, a un paso del infierno"},"content":{"rendered":"\n<p><strong>\u00abL\u00f3pez Hern\u00e1ndez disfrut\u00f3 de las mieles y los extrav\u00edos del poder, pero su impertinencia y su soberbia, que le han llevado incluso a desafiar a la Presidenta Claudia Sheinbaum Pardo, lo han puesto en el camino de las desgracias\u00bb.<\/strong><\/p>\n\n\n\n<figure class=\"wp-block-embed is-type-video is-provider-youtube wp-block-embed-youtube wp-embed-aspect-16-9 wp-has-aspect-ratio\"><div class=\"wp-block-embed__wrapper\">\n<iframe loading=\"lazy\" title=\"Ad\u00e1n Augusto, a un paso del Infierno. Por Pedro Mellado\" width=\"696\" height=\"392\" src=\"https:\/\/www.youtube.com\/embed\/isms1yI0Vz4?feature=oembed\" frameborder=\"0\" allow=\"accelerometer; autoplay; clipboard-write; encrypted-media; gyroscope; picture-in-picture; web-share\" referrerpolicy=\"strict-origin-when-cross-origin\" allowfullscreen><\/iframe>\n<\/div><\/figure>\n\n\n\n<p>Si Andr\u00e9s Manuel L\u00f3pez Obrador hubiera estado dispuesto a encumbrar a quien alguna vez llam\u00f3 \u201chermano\u201d, lo habr\u00eda hecho candidato a la Presidencia de la Rep\u00fablica. Si su confianza hubiese sido tan acertada como la amistad que en su momento pregonaron, le habr\u00eda prolongado su preeminencia como&nbsp;<em>fact\u00f3tum<\/em>&nbsp;en la pol\u00edtica de Tabasco. Sin embargo, poco a poco fue tomando distancia del amigo, al que encumbr\u00f3 en su estado y luego convirti\u00f3 en el segundo hombre de m\u00e1s poder del pa\u00eds, hasta dejarlo sembrado, como premio de consolaci\u00f3n, en la coordinaci\u00f3n del Senado de la Rep\u00fablica.<\/p>\n\n\n\n<p>L\u00f3pez Hern\u00e1ndez disfrut\u00f3 de las mieles y los extrav\u00edos del poder, pero su impertinencia y su soberbia, que le han llevado incluso a desafiar a la Presidenta Claudia Sheinbaum Pardo, lo han puesto en el camino de las desgracias. Muy oscuro se observa el panorama para el Senador morenista Ad\u00e1n Augusto L\u00f3pez Hern\u00e1ndez, pues los dos senderos que le depara el destino son, por igual, rutas que le conducir\u00e1 al abismo.&nbsp;<\/p>\n\n\n\n<p>A\u00fan cuando p\u00fablicamente todav\u00eda no ha trascendido un se\u00f1alamiento directo, oficial, con respecto a su involucramiento con los negocios turbios y presuntamente delictivos de su exsecretario de seguridad, Hern\u00e1n Berm\u00fadez Requena, est\u00e1 muy claro en la ley que los funcionarios p\u00fablicos son responsables de sus actos y de los de sus subordinados, por acci\u00f3n u omisi\u00f3n en el cumplimiento de sus importantes tareas.<\/p>\n\n\n\n<p>Pese a que Ad\u00e1n Augusto sigue sosteniendo que nunca estuvo enterado de la conducta presumiblemente delictiva de su subordinado, nadie le podr\u00eda creer tanto candor e ingenuidad a un pol\u00edtico de muy largo recorrido, curtido incluso en las filas del m\u00e1s viejo, rancio y corrupto PRI, que adem\u00e1s desempe\u00f1\u00f3 la responsabilidad m\u00e1s importante en su estado y la segunda tarea de m\u00e1s trascendencia en la Rep\u00fablica, la Secretar\u00eda de Gobernaci\u00f3n.<\/p>\n\n\n\n<p>Si Ad\u00e1n Augusto traicion\u00f3 la confianza del expresidente L\u00f3pez Obrador, quien p\u00fablicamente lo abrig\u00f3 con el afecto de un hermano, tendr\u00e1 que pagar sus errores, pecados y presumibles complicidades delincuenciales, con la destituci\u00f3n, la inhabilitaci\u00f3n para el servicio p\u00fablico, el destierro y en el caso extremo del estricto cumplimiento de la Ley, hasta con algunos a\u00f1os de c\u00e1rcel, si as\u00ed lo ameritara su conducta.<\/p>\n\n\n\n<p>Su caso ser\u00e1 emblem\u00e1tico en la historia del proyecto de la Cuarta Transformaci\u00f3n, pues podr\u00eda salpicar con inmundicias el prestigio del expresidente L\u00f3pez Obrador, o en su defecto, fortalecer su legado y afianzar la autoridad de la Presidenta Claudia Sheinbaum Pardo, si las investigaciones escarban hasta el fondo del pantano tabasque\u00f1o. La firmeza con la que sea juzgado Ad\u00e1n Augusto, desde el punto de vista pol\u00edtico, administrativo o penal, ser\u00e1 la mejor prueba del deslinde del exmandatario y de la actual presidenta, de hechos presumiblemente delictivos que podr\u00edan manchar su proyecto pol\u00edtico y de gobierno.<\/p>\n\n\n\n<p>El pasado martes 23 de septiembre del 2025 Hern\u00e1n Berm\u00fadez Requena, conocido tambi\u00e9n por los apodos de \u201cEl Comandante\u201d o \u201cEl Abuelo\u201d, exsecretario de seguridad de Tabasco, nombrado para el cargo por el entonces Gobernador Ad\u00e1n Augusto L\u00f3pez Hern\u00e1ndez , fue vinculado a proceso por los delitos de asociaci\u00f3n delictuosa, secuestro y extorsi\u00f3n.<\/p>\n\n\n\n<p>Para evitar que pueda sufrir un accidente, atentado, o tuviese en alg\u00fan momento la tentaci\u00f3n de causarse \u00e9l mismo un da\u00f1o que pusiera en riesgo su vida, Berm\u00fadez Requena permanecer\u00e1 en prisi\u00f3n preventiva oficiosa, en el penal de m\u00e1xima seguridad del Centro Federal de Readaptaci\u00f3n Social (Cefereso) N\u00famero 1 \u201cEl Altiplano\u201d, en el Estado de M\u00e9xico. Esta disposici\u00f3n fue ratificada por por el Juez de Control de la Regi\u00f3n Judicial 9 de Villahermosa, Tabasco, Ram\u00f3n Adolfo Brown Ruiz, luego de una audiencia inicial celebrada de manera privada por cuestiones de seguridad.<\/p>\n\n\n\n<p>Los hechos concretos son m\u00e1s elocuentes que las palabras. Cuando se llev\u00f3 a cabo el proceso de la sucesi\u00f3n del poder en Tabasco, el entonces Presidente L\u00f3pez Obrador prefiri\u00f3 respaldar las aspiraciones de Javier May Rodr\u00edguez, quien encabeza una corriente pol\u00edtica contraria a la de L\u00f3pez Hern\u00e1ndez y lleg\u00f3 sin problemas a la gubernatura. El hermano de AMLO, Jos\u00e9 Ramiro, es actualmente el Secretario General de Gobierno en esa entidad emblem\u00e1tica para Morena.<\/p>\n\n\n\n<p>No ha habido voluntad alguna que detenga las investigaciones contra el presunto l\u00edder del grupo delictivo conocido como \u201cLa Barredora\u201d, Hern\u00e1n Berm\u00fadez Requena, subordinado de Ad\u00e1n Augusto, por el contrario, las investigaciones, encabezadas por el Secretario de Seguridad P\u00fablica federal, Omar Garc\u00eda Harfuch, pretenden ir al fondo. Nadie est\u00e1 m\u00e1s cerca de la confianza, de la voluntad y de las \u00f3rdenes de la Presidenta Sheinbaum Pardo que Omar, lo que implica que la suerte de Ad\u00e1n Augusto ya est\u00e1 definida.<\/p>\n\n\n\n<p>Algo se quebr\u00f3 en la relaci\u00f3n de L\u00f3pez Obrador con Ad\u00e1n Augusto. Habr\u00eda que regresarnos al lejano 22 de octubre del 2022 cuando Jos\u00e9 Ramiro L\u00f3pez Obrador se\u00f1al\u00f3 que en Tabasco, el de Ad\u00e1n Augusto L\u00f3pez, no se hab\u00eda iniciado el proyecto de la transformaci\u00f3n. Abierto seguidor de la entonces precandidata presidencial Claudia Sheinbaum Pardo, fue cr\u00edtico severo de L\u00f3pez Hern\u00e1ndez: \u201cAndan queriendo engatusar a la gente con eso de que siga L\u00f3pez, pero hay de L\u00f3pez a L\u00f3pez, no se equivoquen\u201d. No hay indicio alguno de que Andr\u00e9s Manuel L\u00f3pez Obrador pudiera meter las manos al fuego por quien en alg\u00fan tiempo pareci\u00f3 ser hasta su hermano.<\/p>\n\n\n\n<p>En el \u00faltimo tramo del tortuoso camino de Ad\u00e1n Augusto L\u00f3pez Hern\u00e1ndez por los senderos de la pol\u00edtica le acompa\u00f1ar\u00e1 la primera estrofa del Canto Tercero de la Divina Comedia, obra cumbre del poeta italiano Dante Alighieri: \u201cPor mi se va a la ciudad del llanto; por mi se va al eterno dolor; por mi se va hacia la raza condenada; vosotros, los que entr\u00e1is, abandonad toda esperanza!\u201d. S\u00ed, Ad\u00e1n Augusto tambi\u00e9n camina hacia las puertas del infierno pol\u00edtico.<\/p>\n\n\n\n<p>Fuente: sinembargo<\/p>\n","protected":false},"excerpt":{"rendered":"<p>\u00abL\u00f3pez Hern\u00e1ndez disfrut\u00f3 de las mieles y los extrav\u00edos del poder, pero su impertinencia y su soberbia, que le han llevado incluso a desafiar a la Presidenta Claudia Sheinbaum Pardo, lo han puesto en el camino de las desgracias\u00bb. Si Andr\u00e9s Manuel L\u00f3pez Obrador hubiera estado dispuesto a encumbrar a quien alguna vez llam\u00f3 \u201chermano\u201d, [&hellip;]<\/p>\n","protected":false},"author":2,"featured_media":145811,"comment_status":"open","ping_status":"open","sticky":false,"template":"","format":"standard","meta":{"footnotes":""},"categories":[63],"tags":[],"class_list":["post-145810","post","type-post","status-publish","format-standard","has-post-thumbnail","hentry","category-editorial"],"_links":{"self":[{"href":"http:\/\/elcuartopoder.com.mx\/nw\/wp-json\/wp\/v2\/posts\/145810","targetHints":{"allow":["GET"]}}],"collection":[{"href":"http:\/\/elcuartopoder.com.mx\/nw\/wp-json\/wp\/v2\/posts"}],"about":[{"href":"http:\/\/elcuartopoder.com.mx\/nw\/wp-json\/wp\/v2\/types\/post"}],"author":[{"embeddable":true,"href":"http:\/\/elcuartopoder.com.mx\/nw\/wp-json\/wp\/v2\/users\/2"}],"replies":[{"embeddable":true,"href":"http:\/\/elcuartopoder.com.mx\/nw\/wp-json\/wp\/v2\/comments?post=145810"}],"version-history":[{"count":1,"href":"http:\/\/elcuartopoder.com.mx\/nw\/wp-json\/wp\/v2\/posts\/145810\/revisions"}],"predecessor-version":[{"id":145812,"href":"http:\/\/elcuartopoder.com.mx\/nw\/wp-json\/wp\/v2\/posts\/145810\/revisions\/145812"}],"wp:featuredmedia":[{"embeddable":true,"href":"http:\/\/elcuartopoder.com.mx\/nw\/wp-json\/wp\/v2\/media\/145811"}],"wp:attachment":[{"href":"http:\/\/elcuartopoder.com.mx\/nw\/wp-json\/wp\/v2\/media?parent=145810"}],"wp:term":[{"taxonomy":"category","embeddable":true,"href":"http:\/\/elcuartopoder.com.mx\/nw\/wp-json\/wp\/v2\/categories?post=145810"},{"taxonomy":"post_tag","embeddable":true,"href":"http:\/\/elcuartopoder.com.mx\/nw\/wp-json\/wp\/v2\/tags?post=145810"}],"curies":[{"name":"wp","href":"https:\/\/api.w.org\/{rel}","templated":true}]}}