{"id":145914,"date":"2025-09-29T13:33:06","date_gmt":"2025-09-29T18:33:06","guid":{"rendered":"https:\/\/elcuartopoder.com.mx\/nw\/?p=145914"},"modified":"2025-09-29T13:33:08","modified_gmt":"2025-09-29T18:33:08","slug":"en-rumores-se-habla-de-la-realidad","status":"publish","type":"post","link":"http:\/\/elcuartopoder.com.mx\/nw\/estatales\/en-rumores-se-habla-de-la-realidad\/","title":{"rendered":"EN RUMORES SE HABLA DE LA REALIDAD."},"content":{"rendered":"\n<p>Aunque con mucho dolor, esfuerzo, decepci\u00f3n, va habiendo un cambio muy palpable en la opini\u00f3n de los quintanarroenses. Estos sondeos de opini\u00f3n que realizo que me llevan a comunidades y reuniones vecinales me deja claro que la aceptaci\u00f3n no es f\u00e1cil, pero est\u00e1 llegando.<\/p>\n\n\n\n<p>Y me refiero al aceptar que no hubo el cambio que esper\u00e1bamos con Morena y si llego terriblemente como inaceptablemente la delincuencia de la peor a Q.Roo y todo tambi\u00e9n con la llegada de un cartel que no mencionare pero que todos dicen por \u201cdebajo\u201d cual es.<\/p>\n\n\n\n<p>Y escuchando a las personas me quedo pensando como es que las autoridades como la marina, la fiscal\u00eda, la Sedena no se dan cuenta y no lo combaten debidamente, rio verde \u00a1hay vayan a ver cuantas familias quedan!! \u00a1Santa Elena! Pregunten quien manda ah\u00ed.<\/p>\n\n\n\n<p>Es incre\u00edble como en los \u00faltimos a\u00f1os el asunto delictivo domino a las comunidades rurales, y llego a la ciudad en Chetumal por ejemplo no hay una sola familia que no tenga un conocido, o familiar que no haya sufrido un secuestro expr\u00e9s, o \u201clevant\u00f3n\u201d y en donde despu\u00e9s les piden de 500 pesos y hasta 350 aceptan y devuelven golpeado pero vivo a la v\u00edctima.<\/p>\n\n\n\n<p>La historia sobre casos terribles de este tipo de violencia delincuencia se cuentan al por mayor ya ni las se\u00f1oras en las reuniones sociales hablan de cursiler\u00edas como es vestidos, joyer\u00eda, infidelidad Etc. No, ahora hablan de como se debe cuidar uno, de no salir de noche y no ir hasta por ciertas partes de la ciudad o no salir a comunidades como Calderitas. El temor llego a OPB.<\/p>\n\n\n\n<p>Vienen elecciones electorales en el 2027 y veo como se est\u00e1n haciendo grupos de quintanarroenses que buscan no solo ser escuchados sino incluidos y no se como porque creo es un imposible evitar que m\u00e1s pol\u00edticos de otras entidades lleguen a ocupar puestos pol\u00edticos a la entidad e incluso como vemos ya hasta en los municipios, y ejemplos hay en demas\u00eda.<\/p>\n\n\n\n<p>Y tambi\u00e9n es muy cierto que las personas de las comunidades hay familias completas que viven de los apoyos federales nada mas ejemplo; una joven de 23 a\u00f1os con dos hijos me cuenta no tiene que trabajar porque le dan apoyo e madre soltera a su pareja tambi\u00e9n le dan, por lo tanto por eso no se casan porque se los quitan, y adem\u00e1s a su mama le dan y a sus abuelos igual y as\u00ed hay suficientes recursos en casa, porque explica tiene huerto donde cosechan vegetales y tambi\u00e9n gallinas hay.<\/p>\n\n\n\n<p>En muchas comunidades ya hay personas de otras nacionalidades viviendo como mexicanos porque ya hasta credencial de elector tienen, hay chiapanecos, guerrerenses, tabasque\u00f1os y veracruzanos al por mayor y todos ellos ya registrados como Q. Roo y podr\u00e1n votar y ya est\u00e1n \u201caleccionados\u201d como deber\u00e1n votar\u2026<\/p>\n\n\n\n<p>as\u00ed las cosas, dif\u00edcilmente podr\u00e1n los chetumale\u00f1os, los quintanarroenses nacidos aqu\u00ed un \u201chueso\u201d en el andamiaje pol\u00edtico estatal o municipal. Hijos de Chetumale\u00f1os que han tenido que viajar a otros municipios o estados como M\u00e9rida o M\u00e9xico en busca de trabajar mientras en su estado los pol\u00edticos son personas sin carrera pol\u00edtica o la tienen \u201cmalandra\u201d pero que se les ha dado puestos pol\u00edticos.<\/p>\n","protected":false},"excerpt":{"rendered":"<p>Aunque con mucho dolor, esfuerzo, decepci\u00f3n, va habiendo un cambio muy palpable en la opini\u00f3n de los quintanarroenses. Estos sondeos de opini\u00f3n que realizo que me llevan a comunidades y reuniones vecinales me deja claro que la aceptaci\u00f3n no es f\u00e1cil, pero est\u00e1 llegando. Y me refiero al aceptar que no hubo el cambio que [&hellip;]<\/p>\n","protected":false},"author":2,"featured_media":145915,"comment_status":"open","ping_status":"open","sticky":false,"template":"","format":"standard","meta":{"footnotes":""},"categories":[60],"tags":[],"class_list":["post-145914","post","type-post","status-publish","format-standard","has-post-thumbnail","hentry","category-estatales"],"_links":{"self":[{"href":"http:\/\/elcuartopoder.com.mx\/nw\/wp-json\/wp\/v2\/posts\/145914","targetHints":{"allow":["GET"]}}],"collection":[{"href":"http:\/\/elcuartopoder.com.mx\/nw\/wp-json\/wp\/v2\/posts"}],"about":[{"href":"http:\/\/elcuartopoder.com.mx\/nw\/wp-json\/wp\/v2\/types\/post"}],"author":[{"embeddable":true,"href":"http:\/\/elcuartopoder.com.mx\/nw\/wp-json\/wp\/v2\/users\/2"}],"replies":[{"embeddable":true,"href":"http:\/\/elcuartopoder.com.mx\/nw\/wp-json\/wp\/v2\/comments?post=145914"}],"version-history":[{"count":1,"href":"http:\/\/elcuartopoder.com.mx\/nw\/wp-json\/wp\/v2\/posts\/145914\/revisions"}],"predecessor-version":[{"id":145916,"href":"http:\/\/elcuartopoder.com.mx\/nw\/wp-json\/wp\/v2\/posts\/145914\/revisions\/145916"}],"wp:featuredmedia":[{"embeddable":true,"href":"http:\/\/elcuartopoder.com.mx\/nw\/wp-json\/wp\/v2\/media\/145915"}],"wp:attachment":[{"href":"http:\/\/elcuartopoder.com.mx\/nw\/wp-json\/wp\/v2\/media?parent=145914"}],"wp:term":[{"taxonomy":"category","embeddable":true,"href":"http:\/\/elcuartopoder.com.mx\/nw\/wp-json\/wp\/v2\/categories?post=145914"},{"taxonomy":"post_tag","embeddable":true,"href":"http:\/\/elcuartopoder.com.mx\/nw\/wp-json\/wp\/v2\/tags?post=145914"}],"curies":[{"name":"wp","href":"https:\/\/api.w.org\/{rel}","templated":true}]}}