{"id":146021,"date":"2025-10-01T09:36:15","date_gmt":"2025-10-01T14:36:15","guid":{"rendered":"https:\/\/elcuartopoder.com.mx\/nw\/?p=146021"},"modified":"2025-10-01T09:36:16","modified_gmt":"2025-10-01T14:36:16","slug":"un-estado-enemigo-de-dos-pueblos","status":"publish","type":"post","link":"http:\/\/elcuartopoder.com.mx\/nw\/internacionales\/un-estado-enemigo-de-dos-pueblos\/","title":{"rendered":"Un Estado enemigo de dos pueblos"},"content":{"rendered":"\n<p>En septiembre de 1910 se celebr\u00f3 con gran jolgorio y alegr\u00eda el centenario de la Independencia de M\u00e9xico. Multitudes aclamaron al dictador Porfirio D\u00edaz y se olvidaron las atrocidades cometidas por \u00e9ste, no s\u00f3lo las de R\u00edo Blanco y Cananea, sino muchas m\u00e1s. Esta desbordante alegr\u00eda se termin\u00f3 en noviembre de ese mismo a\u00f1o y comenz\u00f3 la revoluci\u00f3n contra un gobierno tir\u00e1nico.&nbsp;<\/p>\n\n\n\n<p>La revoluci\u00f3n iniciada en 1910, si bien ten\u00eda como objeto leg\u00edtimo acabar con un r\u00e9gimen desp\u00f3tico, hizo florecer tambi\u00e9n muchos actos de violencia extrema contra gran cantidad de personas; la violencia que se hab\u00eda ejercido contra el pueblo devino en violencia no s\u00f3lo contra los reaccionarios, sino tambi\u00e9n contra personas inocentes, lo cual se expres\u00f3 tambi\u00e9n en violencias entre los grupos revolucionarios.&nbsp;<\/p>\n\n\n\n<p>No le fue muy bien al pueblo alem\u00e1n en 1945 ni en algunos a\u00f1os siguientes. El famoso ministro checo Jan Masaryk declar\u00f3 al finalizar la Segunda Guerra Mundial que los alemanes no ten\u00edan alma y que las \u00fanicas palabras que entend\u00edan eran las r\u00e1fagas de ametralladora. Varios sacerdotes tambi\u00e9n de nacionalidad checa declararon que hab\u00eda que ajustar cuentas con los alemanes y que con ellos no val\u00eda la pena ejercer el amor al pr\u00f3jimo.&nbsp;<\/p>\n\n\n\n<p>En varios pa\u00edses de Europa, la furia antigermana se hizo sentir en demas\u00eda: se calcula que entre 8 mil y 10 mil civiles y soldados alemanes se suicidaron m\u00e1s por el maltrato que recib\u00edan que por el sentimiento de derrota. El genocidio que comete el gobierno de Israel contra la poblaci\u00f3n palestina est\u00e1 provocando no s\u00f3lo protestas leg\u00edtimas contra ese crimen atroz, sino que est\u00e1 logrando que ese gobierno se convierta en notorio impulsor de la plaga del antisemitismo entre varios grupos de la poblaci\u00f3n de este planeta.&nbsp;<\/p>\n\n\n\n<p>Netanyahu y sus c\u00f3mplices est\u00e1n suscitando grandes oleadas de odio en contra de su perversi\u00f3n homicida, y si este proceso sigue, ello devendr\u00e1 en un gran conjunto de perjuicios para la propia poblaci\u00f3n israel\u00ed; la acci\u00f3n del gobierno israel\u00ed puede aniquilar a los miembros actuales del grupo Hamas, pero acabar\u00e1 creando otros Hamas no s\u00f3lo en Palestina, sino en otras partes del mundo, de la misma manera que la Alemania nazi logr\u00f3 que los pueblos de Europa y de la Uni\u00f3n Sovi\u00e9tica actuaran en su contra, en ocasiones con gran ferocidad.&nbsp;<\/p>\n\n\n\n<p>El Estado de Israel es enemigo tanto del pueblo palestino como del pueblo israel\u00ed; es l\u00f3gico que muchos miembros de este \u00faltimo est\u00e9n enfurecidos por el acto terrorista de Hamas del 7 de octubre de 2023, pero no hay que olvidar que este acto ha sido una respuesta a los m\u00faltiples actos terroristas que diversos gobiernos israel\u00edes han cometido contra el pueblo palestino desde 1948.&nbsp;<\/p>\n\n\n\n<p>Es imprescindible el reconocimiento del Estado palestino y su coexistencia con un Estado israel\u00ed aut\u00e9nticamente democr\u00e1tico y anticolonialista. Despu\u00e9s del terrible cataclismo que fue la Segunda Guerra Mundial, se esperaba que el mundo se encarrilara por el sendero de la paz y el orden.<\/p>\n\n\n\n<p>En la creaci\u00f3n del Estado de Israel participaron muchos intelectuales y ciudadanos con ideolog\u00edas progresistas e incluso un notable intelectual como Jean-Paul Sartre afirm\u00f3 que Israel se encaminaba al socialismo. Por desgracia, las potencias imperialistas del capitalismo m\u00e1s rapaz prostituyeron la marcha de ese Estado jud\u00edo sembr\u00e1ndolo de apoyos y capitales, haci\u00e9ndolo arribar a un capitalismo colonialista y depredador, cumpli\u00e9ndose as\u00ed la sentencia de otro notorio genocida, el ex presidente Harry S. Truman, que declar\u00f3 en los a\u00f1os de posguerra que Estados Unidos necesitaba contar con un enclave en el Medio Oriente y que tal enclave ser\u00eda Israel.&nbsp;<\/p>\n\n\n\n<p>El Estado de Israel pareciera padecer el s\u00edndrome de Estocolmo: ahora sigue las ense\u00f1anzas de sus victimarios nazis, pero con una fuerza y tecnolog\u00edas militares mucho mayores que las de los hitlerianos. De continuar esta masacre, se puede afirmar que el actual Estado de Israel no es solamente enemigo de dos pueblos, sino de la humanidad entera.<\/p>\n\n\n\n<p>Fuente: la jornada<\/p>\n","protected":false},"excerpt":{"rendered":"<p>En septiembre de 1910 se celebr\u00f3 con gran jolgorio y alegr\u00eda el centenario de la Independencia de M\u00e9xico. Multitudes aclamaron al dictador Porfirio D\u00edaz y se olvidaron las atrocidades cometidas por \u00e9ste, no s\u00f3lo las de R\u00edo Blanco y Cananea, sino muchas m\u00e1s. Esta desbordante alegr\u00eda se termin\u00f3 en noviembre de ese mismo a\u00f1o y [&hellip;]<\/p>\n","protected":false},"author":2,"featured_media":146022,"comment_status":"open","ping_status":"open","sticky":false,"template":"","format":"standard","meta":{"footnotes":""},"categories":[8],"tags":[],"class_list":["post-146021","post","type-post","status-publish","format-standard","has-post-thumbnail","hentry","category-internacionales"],"_links":{"self":[{"href":"http:\/\/elcuartopoder.com.mx\/nw\/wp-json\/wp\/v2\/posts\/146021","targetHints":{"allow":["GET"]}}],"collection":[{"href":"http:\/\/elcuartopoder.com.mx\/nw\/wp-json\/wp\/v2\/posts"}],"about":[{"href":"http:\/\/elcuartopoder.com.mx\/nw\/wp-json\/wp\/v2\/types\/post"}],"author":[{"embeddable":true,"href":"http:\/\/elcuartopoder.com.mx\/nw\/wp-json\/wp\/v2\/users\/2"}],"replies":[{"embeddable":true,"href":"http:\/\/elcuartopoder.com.mx\/nw\/wp-json\/wp\/v2\/comments?post=146021"}],"version-history":[{"count":1,"href":"http:\/\/elcuartopoder.com.mx\/nw\/wp-json\/wp\/v2\/posts\/146021\/revisions"}],"predecessor-version":[{"id":146023,"href":"http:\/\/elcuartopoder.com.mx\/nw\/wp-json\/wp\/v2\/posts\/146021\/revisions\/146023"}],"wp:featuredmedia":[{"embeddable":true,"href":"http:\/\/elcuartopoder.com.mx\/nw\/wp-json\/wp\/v2\/media\/146022"}],"wp:attachment":[{"href":"http:\/\/elcuartopoder.com.mx\/nw\/wp-json\/wp\/v2\/media?parent=146021"}],"wp:term":[{"taxonomy":"category","embeddable":true,"href":"http:\/\/elcuartopoder.com.mx\/nw\/wp-json\/wp\/v2\/categories?post=146021"},{"taxonomy":"post_tag","embeddable":true,"href":"http:\/\/elcuartopoder.com.mx\/nw\/wp-json\/wp\/v2\/tags?post=146021"}],"curies":[{"name":"wp","href":"https:\/\/api.w.org\/{rel}","templated":true}]}}