{"id":146024,"date":"2025-10-01T09:46:38","date_gmt":"2025-10-01T14:46:38","guid":{"rendered":"https:\/\/elcuartopoder.com.mx\/nw\/?p=146024"},"modified":"2025-10-01T09:46:40","modified_gmt":"2025-10-01T14:46:40","slug":"cierran-los-ojos-ante-adan","status":"publish","type":"post","link":"http:\/\/elcuartopoder.com.mx\/nw\/opinion\/cierran-los-ojos-ante-adan\/","title":{"rendered":"Cierran los ojos ante Ad\u00e1n\u2026."},"content":{"rendered":"\n<p>Ad\u00e1n Augusto L\u00f3pez,\u00a0al ser dado a conocer el monto de su fortuna acumulada y revelada por \u00e9l mismo.<\/p>\n\n\n\n<p>De no ser tan grave e insultante, el c\u00ednico actuar del coordinador de Morena en el Senado,&nbsp;<strong>Ad\u00e1n Augusto L\u00f3pez<\/strong>,&nbsp;al ser dado a conocer el monto de su fortuna acumulada y revelada por \u00e9l mismo, la sola difusi\u00f3n de tales datos deber\u00eda ser suficiente para iniciar una investigaci\u00f3n sobre el origen de la misma y, en su caso, avalar acciones judiciales en su contra y de quienes, como su \u201csocio\u201d y entra\u00f1able amigo&nbsp;<strong>Hern\u00e1n Berm\u00fadez,<\/strong>&nbsp;presunto l\u00edder del c\u00e1rtel de \u201cLa Barredora\u201d\u2026<\/p>\n\n\n\n<p>Ello obvio, en el supuesto de que tanto quienes le apoyaron a su llegada a la gubernatura de su natal Tabasco y proyectaron despu\u00e9s a la Secretar\u00eda de Gobernaci\u00f3n -su \u201chermano\u201d&nbsp;<strong>Andr\u00e9s Manuel L\u00f3pez Obrador,&nbsp;<\/strong>igual de impresentable que \u00e9l, de manera notable-, como quienes en los siempre reservados pasillos de Palacio \u201ccierran los ojos\u201d ante una realidad inaceptable que igual que para muchos m\u00e1s ha tenido un alto costo para el erario p\u00fablico, para el Servicio de Administraci\u00f3n Tributaria (SAT) de&nbsp;<strong>Antonio Mart\u00ednez Dagnino<\/strong>&nbsp;en concreto.<\/p>\n\n\n\n<p>Pretender entonces que nada pasa en relaci\u00f3n al vergonzoso comportamiento que a senadores del\u00a0l\u00f3pezobradorismo\u00a0incluso ha llevado a exigir su remoci\u00f3n de la posici\u00f3n de liderazgo que ocupa, implica para decirlo claro, m\u00e1s que desconocimiento o incapacidad, complicidad por motivos poco claros. \u00bfO no?&#8230;\u00a0<\/p>\n\n\n\n<p><strong>Asteriscos<\/strong><\/p>\n\n\n\n<p>Cobijados por una veintena de informadores egresados de sus instalaciones, la Escuela de Comunicaci\u00f3n de la Universidad Intercontinental (UIC), que ahora dirige&nbsp;<strong>Leopoldo Brito,<\/strong>&nbsp;llev\u00f3 a cabo su tradicional semana de la especialidad que aprovech\u00f3 para celebrar sus 49 a\u00f1os de existencia. Bien\u2026&nbsp; &nbsp;<\/p>\n\n\n\n<p>Ve\u00e1monos en 15 d\u00edas con otro asunto De Naturaleza Pol\u00edtica.<\/p>\n\n\n\n<p>Fuente: Heraldo de M\u00e9xico<\/p>\n","protected":false},"excerpt":{"rendered":"<p>Ad\u00e1n Augusto L\u00f3pez,\u00a0al ser dado a conocer el monto de su fortuna acumulada y revelada por \u00e9l mismo. De no ser tan grave e insultante, el c\u00ednico actuar del coordinador de Morena en el Senado,&nbsp;Ad\u00e1n Augusto L\u00f3pez,&nbsp;al ser dado a conocer el monto de su fortuna acumulada y revelada por \u00e9l mismo, la sola difusi\u00f3n [&hellip;]<\/p>\n","protected":false},"author":2,"featured_media":146025,"comment_status":"open","ping_status":"open","sticky":false,"template":"","format":"standard","meta":{"footnotes":""},"categories":[62],"tags":[],"class_list":["post-146024","post","type-post","status-publish","format-standard","has-post-thumbnail","hentry","category-opinion"],"_links":{"self":[{"href":"http:\/\/elcuartopoder.com.mx\/nw\/wp-json\/wp\/v2\/posts\/146024","targetHints":{"allow":["GET"]}}],"collection":[{"href":"http:\/\/elcuartopoder.com.mx\/nw\/wp-json\/wp\/v2\/posts"}],"about":[{"href":"http:\/\/elcuartopoder.com.mx\/nw\/wp-json\/wp\/v2\/types\/post"}],"author":[{"embeddable":true,"href":"http:\/\/elcuartopoder.com.mx\/nw\/wp-json\/wp\/v2\/users\/2"}],"replies":[{"embeddable":true,"href":"http:\/\/elcuartopoder.com.mx\/nw\/wp-json\/wp\/v2\/comments?post=146024"}],"version-history":[{"count":1,"href":"http:\/\/elcuartopoder.com.mx\/nw\/wp-json\/wp\/v2\/posts\/146024\/revisions"}],"predecessor-version":[{"id":146026,"href":"http:\/\/elcuartopoder.com.mx\/nw\/wp-json\/wp\/v2\/posts\/146024\/revisions\/146026"}],"wp:featuredmedia":[{"embeddable":true,"href":"http:\/\/elcuartopoder.com.mx\/nw\/wp-json\/wp\/v2\/media\/146025"}],"wp:attachment":[{"href":"http:\/\/elcuartopoder.com.mx\/nw\/wp-json\/wp\/v2\/media?parent=146024"}],"wp:term":[{"taxonomy":"category","embeddable":true,"href":"http:\/\/elcuartopoder.com.mx\/nw\/wp-json\/wp\/v2\/categories?post=146024"},{"taxonomy":"post_tag","embeddable":true,"href":"http:\/\/elcuartopoder.com.mx\/nw\/wp-json\/wp\/v2\/tags?post=146024"}],"curies":[{"name":"wp","href":"https:\/\/api.w.org\/{rel}","templated":true}]}}