{"id":146027,"date":"2025-10-01T09:48:38","date_gmt":"2025-10-01T14:48:38","guid":{"rendered":"https:\/\/elcuartopoder.com.mx\/nw\/?p=146027"},"modified":"2025-10-01T09:48:40","modified_gmt":"2025-10-01T14:48:40","slug":"rosalia-y-sus-axilas-tenidas-de-blanco-tendencia-o-nuevo-acto-de-rebeldia","status":"publish","type":"post","link":"http:\/\/elcuartopoder.com.mx\/nw\/entretenimiento\/espectaculos\/rosalia-y-sus-axilas-tenidas-de-blanco-tendencia-o-nuevo-acto-de-rebeldia\/","title":{"rendered":"Rosal\u00eda y sus axilas te\u00f1idas de blanco: \u00bftendencia o nuevo acto de rebeld\u00eda?"},"content":{"rendered":"\n<p>La cantante se ha dejado ver en la Semana de la Moda de Par\u00eds con un curioso estilismo y sus axilas sin depilar<\/p>\n\n\n\n<p><strong>Rosal\u00eda<\/strong>&nbsp;ha sido una de las primeras famosas en acudir a los desfiles que acoge Par\u00eds esta semana, y que han arrancado hoy. La espa\u00f1ola ha sorprendido luciendo un curioso estilismo para asistir al &#8216;front row&#8217; de la dise\u00f1adora belga Julie Kegels. Aunque el atuendo era ya de por s\u00ed llamativo, el detalle que no ha pasado desapercibido han sido las&nbsp;<strong>axilas te\u00f1idas de blanco<\/strong>.<\/p>\n\n\n\n<p>Rosal\u00eda ha sido captada por los fot\u00f3grafos saliendo del hotel Ritz de Par\u00eds con un dos piezas en blanco y negro, formado por una falda tipo pareo con gran abertura y un top con escote halter. Complet\u00f3 el estilismo con medias negras con liguero y zapatos con cintas de bailarina. A pesar del atrevido estilismo, lo que llam\u00f3 la atenci\u00f3n, en realidad, fueron las axilas de la artista.<\/p>\n\n\n\n<figure class=\"wp-block-image\"><img decoding=\"async\" src=\"https:\/\/s2.abcstatics.com\/abc\/www\/multimedia\/estilo\/2025\/09\/29\/rosalia-axilas-U73545264422stH-760x800@diario_abc.jpg\" alt=\"Las axilas blancas de Rosal\u00eda.\"\/><figcaption class=\"wp-element-caption\">Las axilas blancas de Rosal\u00eda.&nbsp;<strong>GTRES<\/strong><\/figcaption><\/figure>\n\n\n\n<p>Rosal\u00eda luci\u00f3\u00a0<strong>el vello de las axilas te\u00f1ido de color blanco<\/strong>. Si hace algunos a\u00f1os se atrevi\u00f3 con la\u00a0decoloraci\u00f3n de cejas, ahora no ha dudado en arriesgar con este detalle que, probablemente se deba m\u00e1s que a una tendencia, a un acto de rebeld\u00eda. No es la primera vez que la artista catalana muestra sus\u00a0<strong>axilas o el entrecejo sin depilar<\/strong>. De hecho, en alguna ocasi\u00f3n, tambi\u00e9n ha hablado sobre ello, y su pensamiento es que la depilaci\u00f3n no tiene que ser una obligaci\u00f3n para la mujer. Aunque s\u00ed lo es para mujeres de algunas generaciones, las m\u00e1s j\u00f3venes se rebelan contra ese h\u00e1bito que consideran una forma de esclavitud para las f\u00e9minas.<\/p>\n\n\n\n<p>Rosal\u00eda, la reina de las manicuras, que \u00faltimamente hab\u00eda dejado atr\u00e1s, tambi\u00e9n luci\u00f3 un &#8216;nail art&#8217; peculiar, en color blanco,&nbsp;<strong>con las u\u00f1as largas y accesorios en forma de cruz colgando<\/strong>&nbsp;de algunas de ellas.<\/p>\n\n\n\n<figure class=\"wp-block-image\"><img decoding=\"async\" src=\"https:\/\/s3.abcstatics.com\/abc\/www\/multimedia\/estilo\/2025\/09\/29\/rosalia-manicura-U13254704276WCY-760x1000@diario_abc.jpg\" alt=\"El look de Rosal\u00eda en Par\u00eds.\"\/><figcaption class=\"wp-element-caption\">El look de Rosal\u00eda en Par\u00eds.&nbsp;<strong>GTRES<\/strong><\/figcaption><\/figure>\n\n\n\n<p>El color blanco parece ser el favorito de la cantante en los \u00faltimos tiempos. Con \u00e9l se visti\u00f3 para acudir al desfile de Calvin Klein en la Semana de la Moda de Nueva York de hace unas semanas. Y en mayo pasado, durante la\u00a0Gala MET\u00a0tambi\u00e9n opt\u00f3 por un total look en este tono, al igual que en la fiesta post-Oscar de la revista Vanity Fair.\u00a0<strong>Su pasi\u00f3n por el blanco<\/strong>\u00a0la ha llevado hasta el extremo, ti\u00f1endo de este curioso tono el vello de las axilas. Ella es consciente de que todo lo que lleva es analizado hasta el detalle, y tambi\u00e9n imitado por sus millones de seguidores en todo el mundo, por lo que detr\u00e1s de su vello blanco seguro que hay alg\u00fan mensaje que espero pronto desvele.<\/p>\n\n\n\n<p>Fuente: ABC<\/p>\n","protected":false},"excerpt":{"rendered":"<p>La cantante se ha dejado ver en la Semana de la Moda de Par\u00eds con un curioso estilismo y sus axilas sin depilar Rosal\u00eda&nbsp;ha sido una de las primeras famosas en acudir a los desfiles que acoge Par\u00eds esta semana, y que han arrancado hoy. La espa\u00f1ola ha sorprendido luciendo un curioso estilismo para asistir [&hellip;]<\/p>\n","protected":false},"author":2,"featured_media":146028,"comment_status":"open","ping_status":"open","sticky":false,"template":"","format":"standard","meta":{"footnotes":""},"categories":[11],"tags":[],"class_list":["post-146027","post","type-post","status-publish","format-standard","has-post-thumbnail","hentry","category-espectaculos"],"_links":{"self":[{"href":"http:\/\/elcuartopoder.com.mx\/nw\/wp-json\/wp\/v2\/posts\/146027","targetHints":{"allow":["GET"]}}],"collection":[{"href":"http:\/\/elcuartopoder.com.mx\/nw\/wp-json\/wp\/v2\/posts"}],"about":[{"href":"http:\/\/elcuartopoder.com.mx\/nw\/wp-json\/wp\/v2\/types\/post"}],"author":[{"embeddable":true,"href":"http:\/\/elcuartopoder.com.mx\/nw\/wp-json\/wp\/v2\/users\/2"}],"replies":[{"embeddable":true,"href":"http:\/\/elcuartopoder.com.mx\/nw\/wp-json\/wp\/v2\/comments?post=146027"}],"version-history":[{"count":1,"href":"http:\/\/elcuartopoder.com.mx\/nw\/wp-json\/wp\/v2\/posts\/146027\/revisions"}],"predecessor-version":[{"id":146029,"href":"http:\/\/elcuartopoder.com.mx\/nw\/wp-json\/wp\/v2\/posts\/146027\/revisions\/146029"}],"wp:featuredmedia":[{"embeddable":true,"href":"http:\/\/elcuartopoder.com.mx\/nw\/wp-json\/wp\/v2\/media\/146028"}],"wp:attachment":[{"href":"http:\/\/elcuartopoder.com.mx\/nw\/wp-json\/wp\/v2\/media?parent=146027"}],"wp:term":[{"taxonomy":"category","embeddable":true,"href":"http:\/\/elcuartopoder.com.mx\/nw\/wp-json\/wp\/v2\/categories?post=146027"},{"taxonomy":"post_tag","embeddable":true,"href":"http:\/\/elcuartopoder.com.mx\/nw\/wp-json\/wp\/v2\/tags?post=146027"}],"curies":[{"name":"wp","href":"https:\/\/api.w.org\/{rel}","templated":true}]}}