{"id":146043,"date":"2025-10-01T13:20:05","date_gmt":"2025-10-01T18:20:05","guid":{"rendered":"https:\/\/elcuartopoder.com.mx\/nw\/?p=146043"},"modified":"2025-10-01T13:20:07","modified_gmt":"2025-10-01T18:20:07","slug":"sustituyen-a-politicos-enquistados-en-subsecretarias-de-la-sedarpe","status":"publish","type":"post","link":"http:\/\/elcuartopoder.com.mx\/nw\/estatales\/sustituyen-a-politicos-enquistados-en-subsecretarias-de-la-sedarpe\/","title":{"rendered":"Sustituyen a pol\u00edticos enquistados en subsecretar\u00edas de la Sedarpe"},"content":{"rendered":"\n<p>Se trata de Marcelo Carre\u00f3n y Antonio Rico Lomel\u00ed, que fueron removidos para eficientar la atenci\u00f3n &gt; No obstante, continuar\u00e1n en el interior de la Sedarpe en calidad de asesores<\/p>\n\n\n\n<p>Chetumal, 30 de septiembre.- Con la finalidad de poder acelerar el paso para alcanzar las metas indicadas por la gobernadora Mara Lezama para mejorar e impulsar el campo, as\u00ed como para responder a la demanda de los productores quintanarroenses, en la Secretar\u00eda de Desarrollo Agropecuario, Rural y Pesca (Sedarpe) se realizaron cambios en \u00e1reas clave de la estructura de la dependencia.<\/p>\n\n\n\n<p>En este sentido, el titular Jorge Aguilar Osorio, inform\u00f3 sobre el relevo de Marcelo Carre\u00f3n y Antonio Rico Lomel\u00ed, en las subsecretar\u00edas de Desarrollo Rural y de Agricultura, funcionarios que llevaban varios a\u00f1os ocupando estos espacios, pero con resultados poco palpables, por lo que se hicieron estos ajustes.<\/p>\n\n\n\n<p>\u201cSe necesita refrescar un poco las \u00e1reas, despu\u00e9s de tanto tiempo y estos nuevos funcionarios p\u00fablicos que se han integrado, vienen a darle un nuevo aire a estas \u00e1reas de la Sedarpe, una nueva din\u00e1mica para el campo y vamos a aprovechar su expertiz para mejorar tambi\u00e9n la atenci\u00f3n hacia las y los productores.\u201d<\/p>\n\n\n\n<p>Se trata de Alejandra Simental que cubrir\u00e1 el \u00e1rea de Desarrollo Rural y Roberto Arjona en Agricultura, que seg\u00fan palabras del secretario, se sumar\u00e1n al trabajo de territorio y no de escritorio, que es como se ven\u00eda trabajando en administraciones pasadas y que es lo que ocasion\u00f3 un rezago en el campo y el abandono de las mujeres y hombres que se dedican a trabajar la tierra y viven de lo que producen.<\/p>\n\n\n\n<p>Y es que aclar\u00f3, solamente se trata de hacer enroques, ya que los servidores p\u00fablicos que han sido removidos de su cargo, permanecer\u00e1n en el interior de la dependencia pero como asesores.<\/p>\n\n\n\n<p>\u201cNo fueron despedidos, solo sustituidos en estas \u00e1reas, van a seguir colaborando en la Sedarpe, para aprovechar su experiencia en la materia pero en calidad de asesores\u201d finaliz\u00f3.<\/p>\n\n\n\n<p>Fuente: diariocambio22<\/p>\n","protected":false},"excerpt":{"rendered":"<p>Se trata de Marcelo Carre\u00f3n y Antonio Rico Lomel\u00ed, que fueron removidos para eficientar la atenci\u00f3n &gt; No obstante, continuar\u00e1n en el interior de la Sedarpe en calidad de asesores Chetumal, 30 de septiembre.- Con la finalidad de poder acelerar el paso para alcanzar las metas indicadas por la gobernadora Mara Lezama para mejorar e [&hellip;]<\/p>\n","protected":false},"author":2,"featured_media":146044,"comment_status":"open","ping_status":"open","sticky":false,"template":"","format":"standard","meta":{"footnotes":""},"categories":[60],"tags":[],"class_list":["post-146043","post","type-post","status-publish","format-standard","has-post-thumbnail","hentry","category-estatales"],"_links":{"self":[{"href":"http:\/\/elcuartopoder.com.mx\/nw\/wp-json\/wp\/v2\/posts\/146043","targetHints":{"allow":["GET"]}}],"collection":[{"href":"http:\/\/elcuartopoder.com.mx\/nw\/wp-json\/wp\/v2\/posts"}],"about":[{"href":"http:\/\/elcuartopoder.com.mx\/nw\/wp-json\/wp\/v2\/types\/post"}],"author":[{"embeddable":true,"href":"http:\/\/elcuartopoder.com.mx\/nw\/wp-json\/wp\/v2\/users\/2"}],"replies":[{"embeddable":true,"href":"http:\/\/elcuartopoder.com.mx\/nw\/wp-json\/wp\/v2\/comments?post=146043"}],"version-history":[{"count":1,"href":"http:\/\/elcuartopoder.com.mx\/nw\/wp-json\/wp\/v2\/posts\/146043\/revisions"}],"predecessor-version":[{"id":146045,"href":"http:\/\/elcuartopoder.com.mx\/nw\/wp-json\/wp\/v2\/posts\/146043\/revisions\/146045"}],"wp:featuredmedia":[{"embeddable":true,"href":"http:\/\/elcuartopoder.com.mx\/nw\/wp-json\/wp\/v2\/media\/146044"}],"wp:attachment":[{"href":"http:\/\/elcuartopoder.com.mx\/nw\/wp-json\/wp\/v2\/media?parent=146043"}],"wp:term":[{"taxonomy":"category","embeddable":true,"href":"http:\/\/elcuartopoder.com.mx\/nw\/wp-json\/wp\/v2\/categories?post=146043"},{"taxonomy":"post_tag","embeddable":true,"href":"http:\/\/elcuartopoder.com.mx\/nw\/wp-json\/wp\/v2\/tags?post=146043"}],"curies":[{"name":"wp","href":"https:\/\/api.w.org\/{rel}","templated":true}]}}