{"id":146046,"date":"2025-10-01T15:12:55","date_gmt":"2025-10-01T20:12:55","guid":{"rendered":"https:\/\/elcuartopoder.com.mx\/nw\/?p=146046"},"modified":"2025-10-01T15:12:56","modified_gmt":"2025-10-01T20:12:56","slug":"inician-huelga-los-trabajadores-del-nacional-monte-de-piedad-en-chetumal-se-unen-al-movimiento","status":"publish","type":"post","link":"http:\/\/elcuartopoder.com.mx\/nw\/estatales\/inician-huelga-los-trabajadores-del-nacional-monte-de-piedad-en-chetumal-se-unen-al-movimiento\/","title":{"rendered":"Inician huelga los trabajadores del Nacional Monte de Piedad, en Chetumal se unen al movimiento"},"content":{"rendered":"\n<p>A partir de este mi\u00e9rcoles no hay actividades en las sucursales que hay en la entidad <\/p>\n\n\n\n<p>Pignorantes no podr\u00e1n recuperar sus bienes empe\u00f1ados, pero su podr\u00e1n hacer sus pagos parciales o totales en tiendas de autoservicio autorizadas<\/p>\n\n\n\n<p>CHETUMAL, 1 de octubre.- Tal y como lo hab\u00edan advertido, los 37 trabajadores sindicalizados del Nacional Monte de Piedad de Chetumal, se unieron al movimiento que se realiza en todo el pa\u00eds en protesta por el incumplimiento y violaci\u00f3n al Contrato Colectivo de Trabajo (CCT) por parte de la parte patronal.<\/p>\n\n\n\n<figure class=\"wp-block-image size-large\"><img loading=\"lazy\" decoding=\"async\" width=\"1024\" height=\"566\" src=\"https:\/\/elcuartopoder.com.mx\/nw\/wp-content\/uploads\/2025\/10\/558204044_10163160178549770_6978246290885040182_n-1024x566.png\" alt=\"\" class=\"wp-image-146048\" srcset=\"http:\/\/elcuartopoder.com.mx\/nw\/wp-content\/uploads\/2025\/10\/558204044_10163160178549770_6978246290885040182_n-1024x566.png 1024w, http:\/\/elcuartopoder.com.mx\/nw\/wp-content\/uploads\/2025\/10\/558204044_10163160178549770_6978246290885040182_n-300x166.png 300w, http:\/\/elcuartopoder.com.mx\/nw\/wp-content\/uploads\/2025\/10\/558204044_10163160178549770_6978246290885040182_n-768x425.png 768w, http:\/\/elcuartopoder.com.mx\/nw\/wp-content\/uploads\/2025\/10\/558204044_10163160178549770_6978246290885040182_n-696x385.png 696w, http:\/\/elcuartopoder.com.mx\/nw\/wp-content\/uploads\/2025\/10\/558204044_10163160178549770_6978246290885040182_n.png 1170w\" sizes=\"auto, (max-width: 1024px) 100vw, 1024px\" \/><\/figure>\n\n\n\n<p>Por lo que a partir de este d\u00eda, en la sucursal de la capital del estado, as\u00ed como en las otras dos que se ubican en la zona norte no habr\u00e1 actividades por tiempo indefinido, siendo en total alrededor de 2 mil los empleados de esta instituci\u00f3n de 301 filiales, las que han suspendido labores hasta que no se llegue a un acuerdo favorable en las negociaciones que se est\u00e1n sosteniendo entre los dirigentes sindicales y la gerencia.<\/p>\n\n\n\n<p>Aunque el secretario general de la Secci\u00f3n Chetumal Mario L\u00f3pez Marrufo, hab\u00eda previsto que pod\u00eda haber un arreglo antes de este mi\u00e9rcoles, las condiciones no han sido las m\u00e1s \u00f3ptimas ante la insistencia de los directivos para anular el CCT y disolver el sindicato.<\/p>\n\n\n\n<figure class=\"wp-block-image size-large\"><img loading=\"lazy\" decoding=\"async\" width=\"1024\" height=\"554\" src=\"https:\/\/elcuartopoder.com.mx\/nw\/wp-content\/uploads\/2025\/10\/557591179_10163160178319770_7320687699504673187_n-1024x554.png\" alt=\"\" class=\"wp-image-146049\" srcset=\"http:\/\/elcuartopoder.com.mx\/nw\/wp-content\/uploads\/2025\/10\/557591179_10163160178319770_7320687699504673187_n-1024x554.png 1024w, http:\/\/elcuartopoder.com.mx\/nw\/wp-content\/uploads\/2025\/10\/557591179_10163160178319770_7320687699504673187_n-300x162.png 300w, http:\/\/elcuartopoder.com.mx\/nw\/wp-content\/uploads\/2025\/10\/557591179_10163160178319770_7320687699504673187_n-768x416.png 768w, http:\/\/elcuartopoder.com.mx\/nw\/wp-content\/uploads\/2025\/10\/557591179_10163160178319770_7320687699504673187_n-696x377.png 696w, http:\/\/elcuartopoder.com.mx\/nw\/wp-content\/uploads\/2025\/10\/557591179_10163160178319770_7320687699504673187_n.png 1170w\" sizes=\"auto, (max-width: 1024px) 100vw, 1024px\" \/><\/figure>\n\n\n\n<p>\u201cHay presi\u00f3n para que los trabajadores renuncien bajo el argumento de la falta de recursos y la negativa a aumentar desde el 2021 el salario y el cual es mejor a dos m\u00ednimos, las negociaciones est\u00e1n en curso y aunque hay cierta renuencia a cumplir acuerdos e insisten en anular el contrato colectivo de trabajo y disolver el sindicato, estamos en la lucha para dignificar las condiciones de todos los trabajadores.\u201d<\/p>\n\n\n\n<p>El representante sindical, record\u00f3 que la huelga es encabezada por el l\u00edder a nivel nacional Arturo Zay\u00fan Gonz\u00e1lez y cuenta con el respaldo de la Asociaci\u00f3n General de Trabajadores y Trabajadoras (AGT) que aglutina a 17 organismos populares.<\/p>\n\n\n\n<p>Lamentaron los inconvenientes que la huelga est\u00e1 ocasionando a los pignorantes, que no podr\u00e1n recuperar los bienes que tienen empe\u00f1ados hasta que concluya el movimiento, aunque sus pagos parciales o totales si los deben hacer en los establecimientos y tiendas de autoservicio autorizadas para realizar dichos cobros.<\/p>\n\n\n\n<figure class=\"wp-block-image size-large\"><img loading=\"lazy\" decoding=\"async\" width=\"1024\" height=\"740\" src=\"https:\/\/elcuartopoder.com.mx\/nw\/wp-content\/uploads\/2025\/10\/557541025_10163160178394770_7957648522720274168_n-1024x740.png\" alt=\"\" class=\"wp-image-146050\" srcset=\"http:\/\/elcuartopoder.com.mx\/nw\/wp-content\/uploads\/2025\/10\/557541025_10163160178394770_7957648522720274168_n-1024x740.png 1024w, http:\/\/elcuartopoder.com.mx\/nw\/wp-content\/uploads\/2025\/10\/557541025_10163160178394770_7957648522720274168_n-300x217.png 300w, http:\/\/elcuartopoder.com.mx\/nw\/wp-content\/uploads\/2025\/10\/557541025_10163160178394770_7957648522720274168_n-768x555.png 768w, http:\/\/elcuartopoder.com.mx\/nw\/wp-content\/uploads\/2025\/10\/557541025_10163160178394770_7957648522720274168_n-324x235.png 324w, http:\/\/elcuartopoder.com.mx\/nw\/wp-content\/uploads\/2025\/10\/557541025_10163160178394770_7957648522720274168_n-696x503.png 696w, http:\/\/elcuartopoder.com.mx\/nw\/wp-content\/uploads\/2025\/10\/557541025_10163160178394770_7957648522720274168_n.png 1170w\" sizes=\"auto, (max-width: 1024px) 100vw, 1024px\" \/><\/figure>\n\n\n\n<p>Las banderas que evidencian la protesta est\u00e1n ya colocadas y visibles en el frente de las instalaciones del Nacional Monte de Piedad y los empleados manifestaron que se mantienen a la expectativa de los avances de las negociaciones que se llevan a nivel central y ante el Tribunal Federal Laboral de Asuntos Colectivos y el Centro Federal de Conciliaci\u00f3n y Registro Laboral, con mediaci\u00f3n de la Secretar\u00eda del Trabajo y Previsi\u00f3n Social.<\/p>\n\n\n\n<p>Fuente: diariocambio22<\/p>\n","protected":false},"excerpt":{"rendered":"<p>A partir de este mi\u00e9rcoles no hay actividades en las sucursales que hay en la entidad Pignorantes no podr\u00e1n recuperar sus bienes empe\u00f1ados, pero su podr\u00e1n hacer sus pagos parciales o totales en tiendas de autoservicio autorizadas CHETUMAL, 1 de octubre.- Tal y como lo hab\u00edan advertido, los 37 trabajadores sindicalizados del Nacional Monte de [&hellip;]<\/p>\n","protected":false},"author":2,"featured_media":146047,"comment_status":"open","ping_status":"open","sticky":false,"template":"","format":"standard","meta":{"footnotes":""},"categories":[60],"tags":[],"class_list":["post-146046","post","type-post","status-publish","format-standard","has-post-thumbnail","hentry","category-estatales"],"_links":{"self":[{"href":"http:\/\/elcuartopoder.com.mx\/nw\/wp-json\/wp\/v2\/posts\/146046","targetHints":{"allow":["GET"]}}],"collection":[{"href":"http:\/\/elcuartopoder.com.mx\/nw\/wp-json\/wp\/v2\/posts"}],"about":[{"href":"http:\/\/elcuartopoder.com.mx\/nw\/wp-json\/wp\/v2\/types\/post"}],"author":[{"embeddable":true,"href":"http:\/\/elcuartopoder.com.mx\/nw\/wp-json\/wp\/v2\/users\/2"}],"replies":[{"embeddable":true,"href":"http:\/\/elcuartopoder.com.mx\/nw\/wp-json\/wp\/v2\/comments?post=146046"}],"version-history":[{"count":1,"href":"http:\/\/elcuartopoder.com.mx\/nw\/wp-json\/wp\/v2\/posts\/146046\/revisions"}],"predecessor-version":[{"id":146051,"href":"http:\/\/elcuartopoder.com.mx\/nw\/wp-json\/wp\/v2\/posts\/146046\/revisions\/146051"}],"wp:featuredmedia":[{"embeddable":true,"href":"http:\/\/elcuartopoder.com.mx\/nw\/wp-json\/wp\/v2\/media\/146047"}],"wp:attachment":[{"href":"http:\/\/elcuartopoder.com.mx\/nw\/wp-json\/wp\/v2\/media?parent=146046"}],"wp:term":[{"taxonomy":"category","embeddable":true,"href":"http:\/\/elcuartopoder.com.mx\/nw\/wp-json\/wp\/v2\/categories?post=146046"},{"taxonomy":"post_tag","embeddable":true,"href":"http:\/\/elcuartopoder.com.mx\/nw\/wp-json\/wp\/v2\/tags?post=146046"}],"curies":[{"name":"wp","href":"https:\/\/api.w.org\/{rel}","templated":true}]}}