{"id":146055,"date":"2025-10-02T06:18:48","date_gmt":"2025-10-02T11:18:48","guid":{"rendered":"https:\/\/elcuartopoder.com.mx\/nw\/?p=146055"},"modified":"2025-10-02T06:18:50","modified_gmt":"2025-10-02T11:18:50","slug":"camaroneros-de-quintana-roo-esperaran-15-dias-mas-para-capturar-el-producto","status":"publish","type":"post","link":"http:\/\/elcuartopoder.com.mx\/nw\/municipales\/camaroneros-de-quintana-roo-esperaran-15-dias-mas-para-capturar-el-producto\/","title":{"rendered":"Camaroneros de Quintana Roo esperar\u00e1n 15 d\u00edas m\u00e1s para capturar el producto"},"content":{"rendered":"\n<p><strong><strong>I<\/strong>SLA MUJERES, MX.-\u00a0<\/strong>Desde las 00:00 horas del uno de junio de 2025 y hasta las 18:00 horas del 15 de octubre de 2025, est\u00e1 prohibida la captura de camar\u00f3n en la zona de los caladeros de Contoy, inform\u00f3 la Secretar\u00eda de Agricultura y Desarrollo Rural (Agricultura), a trav\u00e9s de la Comisi\u00f3n Nacional de Acuacultura y Pesca (Conapesca).<\/p>\n\n\n\n<p>En un comunicado anterior, la Conapesca ampli\u00f3 la veda del 15 de septiembre al 30 de septiembre; ahora por tercera vez, Agricultura ampli\u00f3 la veda de todas las especies de camar\u00f3n en el Golfo de M\u00e9xico y Mar Caribe, desde la franja costera frente a los estados de Campeche y Tabasco y en los caladeros de Contoy, Quintana Roo.<\/p>\n\n\n<div class=\"wp-block-image\">\n<figure class=\"aligncenter\"><a href=\"https:\/\/noticaribe.com.mx\/wp\/wp-content\/uploads\/2025\/10\/1000122172.jpg\"><img decoding=\"async\" src=\"https:\/\/noticaribe.com.mx\/wp\/wp-content\/uploads\/2025\/10\/1000122172.jpg\" alt=\"\" class=\"wp-image-778120\"\/><\/a><\/figure><\/div>\n\n\n<p>La determinaci\u00f3n de veda fue con base en la opini\u00f3n t\u00e9cnica del Instituto Mexicano de Investigaci\u00f3n en Pesca y Acuacultura Sustentables (Imipas) para favorecer el aprovechamiento responsable y sostenible de este importante recurso pesquero.<\/p>\n\n\n<div class=\"wp-block-image\">\n<figure class=\"aligncenter\"><a href=\"https:\/\/noticaribe.com.mx\/wp\/wp-content\/uploads\/2025\/10\/1000122182.jpg\"><img decoding=\"async\" src=\"https:\/\/noticaribe.com.mx\/wp\/wp-content\/uploads\/2025\/10\/1000122182.jpg\" alt=\"\" class=\"wp-image-778118\"\/><\/a><\/figure><\/div>\n\n\n<p>Por ello, el periodo de prohibici\u00f3n qued\u00f3 establecido de la siguiente manera: de las 00:00 horas del 1 de junio y hasta las 18:00 horas del 15 de octubre en la franja costera frente a los estados de Campeche y Tabasco. A partir de las 00:00 horas del 1 de junio a las 18:00 horas del 15 de octubre en la zona de los caladeros de Contoy, en Quintana Roo.<\/p>\n\n\n<div class=\"wp-block-image\">\n<figure class=\"aligncenter\"><a href=\"https:\/\/noticaribe.com.mx\/wp\/wp-content\/uploads\/2025\/10\/1000122178.jpg\"><img decoding=\"async\" src=\"https:\/\/noticaribe.com.mx\/wp\/wp-content\/uploads\/2025\/10\/1000122178.jpg\" alt=\"\" class=\"wp-image-778119\"\/><\/a><\/figure><\/div>\n\n\n<p>Julio Antonio Berdegu\u00e9 Sacrist\u00e1n, Secretario de Agricultura y Desarrollo Rural, explic\u00f3 que Conapesca reiter\u00f3 el llamado a respetar los periodos de vedas para fortalecer la conservaci\u00f3n de los recursos acu\u00e1ticos, de ah\u00ed que mantenga activa la l\u00ednea telef\u00f3nica 669 915 6913 durante las 24 horas, de los 365 d\u00edas del a\u00f1o, para recibir denuncias sobre la pesca ilegal o malas pr\u00e1cticas en las zonas referidas.<\/p>\n\n\n\n<p>Fuente: NC<\/p>\n","protected":false},"excerpt":{"rendered":"<p>ISLA MUJERES, MX.-\u00a0Desde las 00:00 horas del uno de junio de 2025 y hasta las 18:00 horas del 15 de octubre de 2025, est\u00e1 prohibida la captura de camar\u00f3n en la zona de los caladeros de Contoy, inform\u00f3 la Secretar\u00eda de Agricultura y Desarrollo Rural (Agricultura), a trav\u00e9s de la Comisi\u00f3n Nacional de Acuacultura y [&hellip;]<\/p>\n","protected":false},"author":2,"featured_media":146056,"comment_status":"open","ping_status":"open","sticky":false,"template":"","format":"standard","meta":{"footnotes":""},"categories":[6],"tags":[],"class_list":["post-146055","post","type-post","status-publish","format-standard","has-post-thumbnail","hentry","category-municipales"],"_links":{"self":[{"href":"http:\/\/elcuartopoder.com.mx\/nw\/wp-json\/wp\/v2\/posts\/146055","targetHints":{"allow":["GET"]}}],"collection":[{"href":"http:\/\/elcuartopoder.com.mx\/nw\/wp-json\/wp\/v2\/posts"}],"about":[{"href":"http:\/\/elcuartopoder.com.mx\/nw\/wp-json\/wp\/v2\/types\/post"}],"author":[{"embeddable":true,"href":"http:\/\/elcuartopoder.com.mx\/nw\/wp-json\/wp\/v2\/users\/2"}],"replies":[{"embeddable":true,"href":"http:\/\/elcuartopoder.com.mx\/nw\/wp-json\/wp\/v2\/comments?post=146055"}],"version-history":[{"count":1,"href":"http:\/\/elcuartopoder.com.mx\/nw\/wp-json\/wp\/v2\/posts\/146055\/revisions"}],"predecessor-version":[{"id":146057,"href":"http:\/\/elcuartopoder.com.mx\/nw\/wp-json\/wp\/v2\/posts\/146055\/revisions\/146057"}],"wp:featuredmedia":[{"embeddable":true,"href":"http:\/\/elcuartopoder.com.mx\/nw\/wp-json\/wp\/v2\/media\/146056"}],"wp:attachment":[{"href":"http:\/\/elcuartopoder.com.mx\/nw\/wp-json\/wp\/v2\/media?parent=146055"}],"wp:term":[{"taxonomy":"category","embeddable":true,"href":"http:\/\/elcuartopoder.com.mx\/nw\/wp-json\/wp\/v2\/categories?post=146055"},{"taxonomy":"post_tag","embeddable":true,"href":"http:\/\/elcuartopoder.com.mx\/nw\/wp-json\/wp\/v2\/tags?post=146055"}],"curies":[{"name":"wp","href":"https:\/\/api.w.org\/{rel}","templated":true}]}}