{"id":146292,"date":"2025-10-07T05:36:30","date_gmt":"2025-10-07T10:36:30","guid":{"rendered":"https:\/\/elcuartopoder.com.mx\/nw\/?p=146292"},"modified":"2025-10-07T05:36:31","modified_gmt":"2025-10-07T10:36:31","slug":"eu-sanciona-a-8-personas-y-12-empresas-de-mexico-vinculadas-al-cartel-de-sinaloa-y-los-chapitos","status":"publish","type":"post","link":"http:\/\/elcuartopoder.com.mx\/nw\/politica\/eu-sanciona-a-8-personas-y-12-empresas-de-mexico-vinculadas-al-cartel-de-sinaloa-y-los-chapitos\/","title":{"rendered":"EU sanciona a 8 personas y 12 empresas de M\u00e9xico vinculadas al C\u00e1rtel de Sinaloa y \u00abLos Chapitos\u00bb"},"content":{"rendered":"\n<p>El Departamento del Tesoro de Estados Unidos impus\u00f3 este lunes sanciones contra ocho individuos y doce empresas con sede en M\u00e9xico por su presunta implicaci\u00f3n en el tr\u00e1fico de fentanilo a trav\u00e9s de una facci\u00f3n del C\u00e1rtel de Sinaloa conocida como \u00abLos Chapitos\u00bb.<\/p>\n\n\n\n<p>El Departamento del Tesoro de Estados Unidos impus\u00f3 este lunes sanciones contra ocho individuos y doce empresas con sede en M\u00e9xico por su presunta implicaci\u00f3n en el&nbsp;<strong>tr\u00e1fico de fentanilo<\/strong>&nbsp;a trav\u00e9s de una facci\u00f3n del&nbsp;<strong>C\u00e1rtel de Sinaloa<\/strong>&nbsp;conocida como&nbsp;<strong>\u00abLos Chapitos\u00bb<\/strong>.<\/p>\n\n\n\n<p>El secretario adjunto del Tesoro para Terrorismo e Inteligencia Financiera, John K. Hurley, indic\u00f3 en un comunicado que esta red es responsable del \u00abtr\u00e1fico il\u00edcito de precursores qu\u00edmicos para la fabricaci\u00f3n de fentanilo\u00bb al citado c\u00e1rtel, que es considerado una\u00a0organizaci\u00f3n terrorista\u00a0para Estados Unidos.<\/p>\n\n\n\n<p>\u00abM\u00e1s de 500,000 estadounidenses han muerto envenenados por fentanilo\u00bb, dijo Hurley, al tiempo que destac\u00f3 que el presidente estadounidense,&nbsp;<strong>Donald Trump<\/strong>, \u00abha dejado claro que frenar la entrada de estas drogas es una prioridad en materia de seguridad\u00bb.&nbsp;<\/p>\n\n\n\n<p>\u00abBajo el liderazgo del secretario, Scott Bessent, el Tesoro se compromete a desmantelar las complejas redes financieras detr\u00e1s de estas organizaciones terroristas\u00bb, apunt\u00f3.<\/p>\n\n\n\n<p>En este sentido, explic\u00f3 que la facci\u00f3n de \u00abLos Chapitos\u00bb est\u00e1 encabezada por uno de los hijos del famoso narco&nbsp;<strong>Joaqu\u00edn &#8216;El Chapo&#8217; Guzm\u00e1n<\/strong>, si bien dos de los miembros del grupo se encuentran bajo custodia en Estados Unidos.&nbsp;<\/p>\n\n\n\n<p>\u00abLos hermanos&nbsp;<strong>Archivaldo Iv\u00e1n<\/strong>&nbsp;y&nbsp;<strong>Jes\u00fas Alfredo Guzm\u00e1n<\/strong>&nbsp;lideran la facci\u00f3n y controlan vastos territorios mexicanos bajo el ala del C\u00e1rtel de Sinaloa\u00bb, recoge el texto.<\/p>\n\n\n\n<p>Entre las empresas afectadas por estas sanciones se encuentra&nbsp;<strong>Sumilab<\/strong>&nbsp;&#8211;que ya fue sancionada en el pasado y ha vuelto a ser objeto de sanciones este lunes&#8211;. La empresa corre a cargo de la&nbsp;<strong>familia Favela L\u00f3pez<\/strong>, lo que ha puesto en el punto de mira a los hermanos V\u00edctor Andr\u00e9s Favela L\u00f3pez, Francisco Favela L\u00f3pez, Jorge Luis Favela L\u00f3pez y Mar\u00eda Gabriela Favela L\u00f3pez, adem\u00e1s de al marido de esta \u00faltima,&nbsp;<strong>Jairo Verdugo Araujo<\/strong>, y a&nbsp;<strong>Gilberto Gallardo Garc\u00eda<\/strong>&nbsp;&#8211;esposo de otra de las hermanas&#8211;.<\/p>\n\n\n\n<p>En este sentido, y tambi\u00e9n vinculadas a la familia Favela L\u00f3pez, han sido incluidas en la lista de sanciones las empresas&nbsp;<strong>Agrolaren<\/strong>, Distribuidora de Productos y Servicios Viand,&nbsp;<strong>Favelab<\/strong>,&nbsp;<strong>Favela Pro<\/strong>,&nbsp;<strong>Qui Lab<\/strong>&nbsp;y&nbsp;<strong>Storelab<\/strong>, adem\u00e1s de&nbsp;<strong>Macerlab<\/strong>. As\u00ed, C\u00e9sar El\u00edas L\u00f3pez Araujo ha pasado a ser sancionado debido a su relaci\u00f3n con V\u00edctor Andr\u00e9s Favela L\u00f3pez y su implicaci\u00f3n en la empresa familiar.<\/p>\n\n\n\n<p>A la lista de sanciones se suma\u00a0<strong>Martha Emilia Conde Uraga<\/strong>, vinculada al C\u00e1rtel de Sinaloa y a cuatro compa\u00f1\u00edas tambi\u00e9n sancionadas:\u00a0<strong>Comercial Viosma del Noroeste<\/strong>,\u00a0<strong>Prolimph Quimicos en General<\/strong>, la\u00a0<strong>Proveedora de Servicios de Salud Mental del Pacifico<\/strong>, y la empresa\u00a0<strong>Roco del Pacifico Inmobiliaria<\/strong>.<\/p>\n\n\n\n<p>Fuente: eleconomista<\/p>\n","protected":false},"excerpt":{"rendered":"<p>El Departamento del Tesoro de Estados Unidos impus\u00f3 este lunes sanciones contra ocho individuos y doce empresas con sede en M\u00e9xico por su presunta implicaci\u00f3n en el tr\u00e1fico de fentanilo a trav\u00e9s de una facci\u00f3n del C\u00e1rtel de Sinaloa conocida como \u00abLos Chapitos\u00bb. El Departamento del Tesoro de Estados Unidos impus\u00f3 este lunes sanciones contra [&hellip;]<\/p>\n","protected":false},"author":2,"featured_media":146293,"comment_status":"open","ping_status":"open","sticky":false,"template":"","format":"standard","meta":{"footnotes":""},"categories":[61],"tags":[],"class_list":["post-146292","post","type-post","status-publish","format-standard","has-post-thumbnail","hentry","category-politica"],"_links":{"self":[{"href":"http:\/\/elcuartopoder.com.mx\/nw\/wp-json\/wp\/v2\/posts\/146292","targetHints":{"allow":["GET"]}}],"collection":[{"href":"http:\/\/elcuartopoder.com.mx\/nw\/wp-json\/wp\/v2\/posts"}],"about":[{"href":"http:\/\/elcuartopoder.com.mx\/nw\/wp-json\/wp\/v2\/types\/post"}],"author":[{"embeddable":true,"href":"http:\/\/elcuartopoder.com.mx\/nw\/wp-json\/wp\/v2\/users\/2"}],"replies":[{"embeddable":true,"href":"http:\/\/elcuartopoder.com.mx\/nw\/wp-json\/wp\/v2\/comments?post=146292"}],"version-history":[{"count":1,"href":"http:\/\/elcuartopoder.com.mx\/nw\/wp-json\/wp\/v2\/posts\/146292\/revisions"}],"predecessor-version":[{"id":146294,"href":"http:\/\/elcuartopoder.com.mx\/nw\/wp-json\/wp\/v2\/posts\/146292\/revisions\/146294"}],"wp:featuredmedia":[{"embeddable":true,"href":"http:\/\/elcuartopoder.com.mx\/nw\/wp-json\/wp\/v2\/media\/146293"}],"wp:attachment":[{"href":"http:\/\/elcuartopoder.com.mx\/nw\/wp-json\/wp\/v2\/media?parent=146292"}],"wp:term":[{"taxonomy":"category","embeddable":true,"href":"http:\/\/elcuartopoder.com.mx\/nw\/wp-json\/wp\/v2\/categories?post=146292"},{"taxonomy":"post_tag","embeddable":true,"href":"http:\/\/elcuartopoder.com.mx\/nw\/wp-json\/wp\/v2\/tags?post=146292"}],"curies":[{"name":"wp","href":"https:\/\/api.w.org\/{rel}","templated":true}]}}