{"id":146366,"date":"2025-10-08T06:49:31","date_gmt":"2025-10-08T11:49:31","guid":{"rendered":"https:\/\/elcuartopoder.com.mx\/nw\/?p=146366"},"modified":"2025-10-08T06:49:32","modified_gmt":"2025-10-08T11:49:32","slug":"said-cisneros-proyecta-al-ciclismo-mexicano-en-la-cima-continental","status":"publish","type":"post","link":"http:\/\/elcuartopoder.com.mx\/nw\/entretenimiento\/deportes\/said-cisneros-proyecta-al-ciclismo-mexicano-en-la-cima-continental\/","title":{"rendered":"Said Cisneros proyecta al ciclismo mexicano en la cima continental"},"content":{"rendered":"\n<p>M\u00e9xico tiene una semilla que apunta a la \u00e9lite del futuro. En la categor\u00eda Sub 19 del equipo A.R Monex se cultiva al mejor latinoamericano del Mundial de Ciclismo de Ruta Junior. En entrevista con El Economista narra las lecciones y objetivos tras el desaf\u00edo africano.<\/p>\n\n\n\n<p>Ruanda luci\u00f3 su caracter\u00edstico clima soleado durante el Campeonato Mundial de Ciclismo de Ruta UCI 2025 en Kigali, Ruanda (del 21 al 28 de septiembre de 2025). El sol con temperaturas m\u00e1ximas de 28 \u00b0C puso a prueba a los ciclistas durante las ma\u00f1anas y tardes, adem\u00e1s de retarles con su altitud a m\u00e1s de 1,500 metros sobre el nivel del mar.&nbsp;<\/p>\n\n\n\n<p>Said Cisneros fue parte de la representaci\u00f3n nacional, terminando en la posici\u00f3n 17 en la prueba de Fondo Junior, la mejor de un ciclista latinoamericano en esa competencia. Actualmente, corre con A.R. Monex Sub 19, el equipo mexicano que prepara a su talento en San Marino, Italia, mismo cuartel donde se forj\u00f3 Isaac del Toro, del que ya se conoce su legendario arranque en el ciclismo de \u00e9lite junto al UAE Team Emirates.<\/p>\n\n\n\n<p>\u201cTodo este a\u00f1o he estado haciendo aclimataci\u00f3n al calor y nos ayuda a simular la altura y a que el cuerpo se acostumbre a trabajar en calor, por ejemplo, en un entrenamiento normal est\u00e1s a 38 grados y llegas a la competencia y se presentan 39.5\u00b0. El cuerpo se desgasta m\u00e1s pronto. Con las simulaciones de competencias se pudo compensar la altura, pero en San Marino hace calor como en Ruanda, llegamos hasta a los 40\u00b0 en verano\u201d.<\/p>\n\n\n\n<p>Entrenarse en tierras italianas es una ventaja reflejada en las \u00faltimas victorias de Isaac del Toro en las carreras de este pa\u00eds, y m\u00e1s all\u00e1 de eso, Said representa la generaci\u00f3n que viene empujando. En Ruanda comparti\u00f3 kil\u00f3metros de entrenamiento junto a Tadej Poga\u010dar e Isaac.<\/p>\n\n\n\n<p>\u201cCoincidimos en el entrenamiento oficial de reconocimiento del circuito, que fue dos d\u00edas antes de mi competencia. Rodamos dos vueltas, trat\u00e9 de pegarme para ver si hac\u00edan activaciones. Sab\u00eda que ya estaba bien de piernas, pero son puntos extra. Isaac me dijo \u201c\u2018qu\u00e9date tranquilo y suerte\u00bb no hablamos tanto porque ellos ten\u00edan que reconocer el circuito grande, en el muro de Kigali. Cuando llegu\u00e9 a MONEX fue el a\u00f1o cuando \u00e9l sali\u00f3 en 2023, pero en San Marino hemos coincidido en entrenamientos, nos lo topamos en carreteras entrenando\u201d.<\/p>\n\n\n\n<p>Alejandro Rodr\u00edguez, Cofounder &amp; Team Manager A.r Procycling coment\u00f3 a este medio que tras el Mundial, Said concluy\u00f3 la temporada y se encuentra en un periodo de promoci\u00f3n con equipos y agreg\u00f3: \u201ca partir del a\u00f1o que viene nos vamos a concentrar en la categor\u00eda junior (17 y 18 a\u00f1os) y cadetes (15 y 16 a\u00f1os). Hay un cambio en las reglas de la UCI, la Nations Cup ser\u00e1 Junior. Los equipos ya est\u00e1n reclutando desde la categor\u00eda juvenil y nuestra misi\u00f3n es colocar ciclistas\u201d.<\/p>\n\n\n\n<p>Mientras que Said, mencion\u00f3 sobre sus siguientes objetivos: \u201cEl a\u00f1o que sigue soy Sub 23, es una nueva categor\u00eda y mi objetivo es el Tour de l&#8217; Avenir y despu\u00e9s el Campeonato del Mundo (en Montreal). Para estar en L\u2019Avenir hay que estar dentro de los seis mejores ciclistas de un pa\u00eds, se hace una selecci\u00f3n. En el Tour hay diferentes pruebas: el perfil de media monta\u00f1a, plano, contrarreloj y monta\u00f1a, que es mi terreno, de subida\u201d.<\/p>\n\n\n\n<p>Said debut\u00f3 en el Mundial de Ciclismo 2024 en Z\u00farich, Suiza, pero por un accidente en la competencia no pudo concluir la prueba.<\/p>\n\n\n\n<p>\u201cDesafortunadamente las condiciones clim\u00e1ticas no ayudaron, con lluvia y a 2\u00b0de temperatura. En los primeros 20 km de la competencia se cayeron en frente de m\u00ed, alcanc\u00e9 a frenar, pero los que ven\u00edan atr\u00e1s me chocaron y se me descompuso la bici. Prob\u00e9 una refacci\u00f3n, pero no me qued\u00f3, cosas as\u00ed. Ahora este a\u00f1o, en Ruanda, arrancamos m\u00e1s al frente y busqu\u00e9 estar dentro de las primeras posiciones para evitar ca\u00eddas. Encontramos bajadas r\u00e1pidas y largas, tambi\u00e9n demasiadas curvas\u201d.<\/p>\n\n\n\n<p><strong>&nbsp;\u00bfCu\u00e1les consideras son tus fortalezas que derivaron en una 17\u00b0 posici\u00f3n en este Mundial?<\/strong><\/p>\n\n\n\n<p>\u201cSoy aferrado, no me conformo con ser top 20 del mundo, trabajo por mis sue\u00f1os, lo que sale mal lo convierto en motivaci\u00f3n. Por mi peso (entre 50-51 kg) soy un escalador, para etapas de monta\u00f1a, no podr\u00e9 llegar al sprint, porque son diferentes cuerpos, son m\u00e1s pesados y m\u00e1s picos de potencia, son cosas que no est\u00e1n a mi alcance\u201d.<\/p>\n\n\n\n<p>Relacionado al riesgo de lesiones, Said indic\u00f3 que no es posible evitarlas, pero se toman las medidas necesarias para arriesgar lo menos. La naturaleza de este deporte pone a las lesiones como un riesgo latente.<\/p>\n\n\n\n<p>\u201cLlegamos a una velocidad de 100 km por hora, en las bajadas voy r\u00e1pido y una ca\u00edda es demasiado peligrosa, te puedes fracturar la clav\u00edcula, piernas, tobillos\u201d:<\/p>\n\n\n\n<p>Este a\u00f1o, antes del Mundial se recuper\u00f3 de dos lesiones. La primera, una ca\u00edda en la Copa de Naciones, le caus\u00f3 un trauma cr\u00e1neo-encef\u00e1lico y la segunda, se fractur\u00f3 la mano.<\/p>\n\n\n\n<p>\u201cEstuve dos semanas sin hacer esfuerzo. Me mareaba levantarme de la cama. Despu\u00e9s hice gimnasio, rodillo y en un mes, sal\u00ed a entrenar. Luego tuve una fractura en el metatarso, y pas\u00e9 40 d\u00edas en reposo. Me quitaron el yeso el 10 agosto pasado y ten\u00eda que entrenar con el rodillo y gimnasio. Al Mundial de Ruanda llegu\u00e9 con dos meses de entrenamiento\u201d.<\/p>\n\n\n\n<p>En San Marino, Said se entrega al ciclismo y desde esa latitud deja en El Economista su reflexi\u00f3n tras el Mundial de Ruanda.<\/p>\n\n\n\n<p>\u201cLos resultados llegan despu\u00e9s de demasiado sacrificio. Es mi segundo a\u00f1o en Europa. Todos so\u00f1amos con ser campeones del mundo y es posible\u201d.<\/p>\n\n\n\n<p>Fuente: eleconomista<\/p>\n","protected":false},"excerpt":{"rendered":"<p>M\u00e9xico tiene una semilla que apunta a la \u00e9lite del futuro. En la categor\u00eda Sub 19 del equipo A.R Monex se cultiva al mejor latinoamericano del Mundial de Ciclismo de Ruta Junior. En entrevista con El Economista narra las lecciones y objetivos tras el desaf\u00edo africano. Ruanda luci\u00f3 su caracter\u00edstico clima soleado durante el Campeonato [&hellip;]<\/p>\n","protected":false},"author":2,"featured_media":146367,"comment_status":"open","ping_status":"open","sticky":false,"template":"","format":"standard","meta":{"footnotes":""},"categories":[7],"tags":[],"class_list":["post-146366","post","type-post","status-publish","format-standard","has-post-thumbnail","hentry","category-deportes"],"_links":{"self":[{"href":"http:\/\/elcuartopoder.com.mx\/nw\/wp-json\/wp\/v2\/posts\/146366","targetHints":{"allow":["GET"]}}],"collection":[{"href":"http:\/\/elcuartopoder.com.mx\/nw\/wp-json\/wp\/v2\/posts"}],"about":[{"href":"http:\/\/elcuartopoder.com.mx\/nw\/wp-json\/wp\/v2\/types\/post"}],"author":[{"embeddable":true,"href":"http:\/\/elcuartopoder.com.mx\/nw\/wp-json\/wp\/v2\/users\/2"}],"replies":[{"embeddable":true,"href":"http:\/\/elcuartopoder.com.mx\/nw\/wp-json\/wp\/v2\/comments?post=146366"}],"version-history":[{"count":1,"href":"http:\/\/elcuartopoder.com.mx\/nw\/wp-json\/wp\/v2\/posts\/146366\/revisions"}],"predecessor-version":[{"id":146368,"href":"http:\/\/elcuartopoder.com.mx\/nw\/wp-json\/wp\/v2\/posts\/146366\/revisions\/146368"}],"wp:featuredmedia":[{"embeddable":true,"href":"http:\/\/elcuartopoder.com.mx\/nw\/wp-json\/wp\/v2\/media\/146367"}],"wp:attachment":[{"href":"http:\/\/elcuartopoder.com.mx\/nw\/wp-json\/wp\/v2\/media?parent=146366"}],"wp:term":[{"taxonomy":"category","embeddable":true,"href":"http:\/\/elcuartopoder.com.mx\/nw\/wp-json\/wp\/v2\/categories?post=146366"},{"taxonomy":"post_tag","embeddable":true,"href":"http:\/\/elcuartopoder.com.mx\/nw\/wp-json\/wp\/v2\/tags?post=146366"}],"curies":[{"name":"wp","href":"https:\/\/api.w.org\/{rel}","templated":true}]}}