{"id":146372,"date":"2025-10-08T06:58:08","date_gmt":"2025-10-08T11:58:08","guid":{"rendered":"https:\/\/elcuartopoder.com.mx\/nw\/?p=146372"},"modified":"2025-10-08T06:58:10","modified_gmt":"2025-10-08T11:58:10","slug":"36-millones-de-personas-en-mexico-no-tienen-un-trabajo-digno","status":"publish","type":"post","link":"http:\/\/elcuartopoder.com.mx\/nw\/economia\/36-millones-de-personas-en-mexico-no-tienen-un-trabajo-digno\/","title":{"rendered":"36 millones de personas en M\u00e9xico no tienen un trabajo digno"},"content":{"rendered":"\n<p>La ausencia de un solo componente del trabajo digno implica no tener acceso a un empleo decente, y en el caso de M\u00e9xico, seis de cada 10 personas no cuentan con seguridad social, uno de los pilares de ese concepto.<\/p>\n\n\n\n<p>El\u00a0<strong>trabajo digno<\/strong>\u00a0a\u00fan est\u00e1 lejos de ser una realidad generalizada, 35.6 millones de personas en M\u00e9xico carecen de esta condici\u00f3n, de acuerdo con los \u00faltimos datos de la Encuesta Nacional de Ocupaci\u00f3n y Empleo (ENOE), ese es el universo de\u00a0trabajadores que no tienen acceso a una instituci\u00f3n de salud, uno de los pilares del trabajo decente.\u00a0<\/p>\n\n\n\n<p>La carencia de acceso a seguridad social abarca al&nbsp;<strong>60% de la poblaci\u00f3n ocupada del pa\u00eds<\/strong>. En dos d\u00e9cadas, ese universo s\u00f3lo se ha reducido cinco puntos porcentuales.<\/p>\n\n\n\n<p>Este 7 de octubre se conmemora la\u00a0<em>Jornada Mundial por el Trabajo Decente<\/em>, una fecha para promover el empleo con salarios justos, seguros, con protecci\u00f3n social, garant\u00eda de derechos laborales, en igualdad de oportunidades, libertad de asociaci\u00f3n y desarrollo personal.<\/p>\n\n\n\n<p>En ese sentido, el concepto de&nbsp;<strong>trabajo digno o decente<\/strong>&nbsp;no tiene una connotaci\u00f3n moral, est\u00e1 vinculado con las condiciones y perspectivas que ofrece el empleo a la persona. La ausencia de un solo elemento implica la carencia de empleo decente.<\/p>\n\n\n\n<p>\u201cLa&nbsp;<strong>seguridad social es un derecho humano<\/strong>&nbsp;y tambi\u00e9n un componente del derecho humano al trabajo. La carencia de seguro social es la carencia de mayor cantidad y porcentaje en la medici\u00f3n de la pobreza. La afiliaci\u00f3n al seguro social es la v\u00eda de acceso a servicios de salud para quien trabaja y su familia; a servicios de cuidado de ni\u00f1as y ni\u00f1os en primera infancia; garantiza ingresos en caso de enfermedad, accidente o incapacidad; establece fondos de ahorro para el retiro y la pensi\u00f3n en edad avanzada\u201d, destaca Acci\u00f3n Ciudadana Frente a la Pobreza (ACFP).<\/p>\n\n\n\n<p>De acuerdo con la organizaci\u00f3n, en M\u00e9xico hay nueve indicadores que permiten evidenciar\u00a0el estado del trabajo digno en M\u00e9xico, estos son:<\/p>\n\n\n\n<ul class=\"wp-block-list\">\n<li>Acceso a la seguridad social<\/li>\n\n\n\n<li>Ingreso suficiente<\/li>\n\n\n\n<li>Contrato estable<\/li>\n\n\n\n<li>Afiliaci\u00f3n sindical<\/li>\n\n\n\n<li>Prestaciones laborales<\/li>\n\n\n\n<li>Subocupaci\u00f3n<\/li>\n\n\n\n<li>Jornadas excesivas<\/li>\n\n\n\n<li>Desempleo completo<\/li>\n\n\n\n<li>Exclusi\u00f3n por labores de cuidado<\/li>\n<\/ul>\n\n\n\n<p>En el caso del ingreso, si bien la pol\u00edtica de incremento al salario m\u00ednimo ha contribuido en la\u00a0salida de personas de la pobreza, la remuneraci\u00f3n a\u00fan est\u00e1 lejos de un sueldo digno (2 canastas b\u00e1sicas); es decir, poco m\u00e1s de 13,000 pesos al mes.<\/p>\n\n\n\n<p>Los \u00faltimos datos de la ENOE indican que&nbsp;<strong>22.9 millones de personas ocupadas<\/strong>&nbsp;perciben hasta un salario m\u00ednimo, representan el 38.5% de la fuerza laboral.<\/p>\n\n\n\n<p>En el&nbsp;<strong>acceso a prestaciones<\/strong>, la realidad no es distinta. Del universo de trabajadores subordinados, sujeto a prestaciones por su empleo, tres de cada 10 carecen de ellas; es decir, no cuentan con vacaciones pagadas, aguinaldo, entre otras.<\/p>\n\n\n\n<p>Este es uno de los renglones en los que mayor avance tiene M\u00e9xico, en las \u00faltimas dos d\u00e9cadas, los&nbsp;<strong>trabajadores subordinados sin prestaciones<\/strong>&nbsp;han pasado de 45.8% a 30.4%, aunque a\u00fan hay 12.3 millones de personas en esa condici\u00f3n.<\/p>\n\n\n\n<h2 class=\"wp-block-heading\">Empleo formal, sin garant\u00eda<\/h2>\n\n\n\n<p>Aunque el\u00a0<strong>empleo formal<\/strong>\u00a0se percibe como un tipo de ocupaci\u00f3n con mejores condiciones, un an\u00e1lisis de Acci\u00f3n Ciudadana Frente a la Pobreza sobre el sexenio pasado identifica que en la formalidad laboral tambi\u00e9n hay indicios de\u00a0ausencia de trabajo decente.<\/p>\n\n\n\n<p>\u201cEn conjunto,&nbsp;<strong>56% de las personas con trabajo formal<\/strong>&nbsp;en la Iniciativa Privada (IP), 12.5 millones de personas, gana menos del monto estimado del ingreso digno (12,500) pesos al mes), destaca la organizaci\u00f3n en el informe Balance sexenal: La precariedad laboral permanece.<\/p>\n\n\n\n<p>Sin embargo, en t\u00e9rminos de ingresos, el trabajo formal es el que ha tenido un mejor avance. Entre 2018 y 2024, se redujo en 2.5 millones de personas el universo de trabajos formales sin&nbsp;<strong>ingreso suficiente<\/strong>, en t\u00e9rminos porcentuales, fue una disminuci\u00f3n de 17 puntos.<\/p>\n\n\n\n<p>Esta mejora, destaca la organizaci\u00f3n, proviene principalmente del&nbsp;<strong>trabajo en las empresas medianas y grandes<\/strong>, son las que concentran la reducci\u00f3n.<\/p>\n\n\n\n<p>\u201cLos an\u00e1lisis que asocian la precariedad al sector informal parten de una \u2018verdad a medias\u2019 que se convierte en \u2018mentira completa\u2019 cuando se generaliza. Ciertamente en micro empresas y entre quienes trabajan por su cuenta, la precariedad es mayoritaria; sin embargo, los&nbsp;<strong>trabajos formales tampoco garantizan trabajo digno<\/strong>\u201d, indica ACFP.<\/p>\n\n\n\n<p>Fuente: eleconomista<\/p>\n","protected":false},"excerpt":{"rendered":"<p>La ausencia de un solo componente del trabajo digno implica no tener acceso a un empleo decente, y en el caso de M\u00e9xico, seis de cada 10 personas no cuentan con seguridad social, uno de los pilares de ese concepto. El\u00a0trabajo digno\u00a0a\u00fan est\u00e1 lejos de ser una realidad generalizada, 35.6 millones de personas en M\u00e9xico [&hellip;]<\/p>\n","protected":false},"author":2,"featured_media":146373,"comment_status":"open","ping_status":"open","sticky":false,"template":"","format":"standard","meta":{"footnotes":""},"categories":[1],"tags":[],"class_list":["post-146372","post","type-post","status-publish","format-standard","has-post-thumbnail","hentry","category-economia"],"_links":{"self":[{"href":"http:\/\/elcuartopoder.com.mx\/nw\/wp-json\/wp\/v2\/posts\/146372","targetHints":{"allow":["GET"]}}],"collection":[{"href":"http:\/\/elcuartopoder.com.mx\/nw\/wp-json\/wp\/v2\/posts"}],"about":[{"href":"http:\/\/elcuartopoder.com.mx\/nw\/wp-json\/wp\/v2\/types\/post"}],"author":[{"embeddable":true,"href":"http:\/\/elcuartopoder.com.mx\/nw\/wp-json\/wp\/v2\/users\/2"}],"replies":[{"embeddable":true,"href":"http:\/\/elcuartopoder.com.mx\/nw\/wp-json\/wp\/v2\/comments?post=146372"}],"version-history":[{"count":1,"href":"http:\/\/elcuartopoder.com.mx\/nw\/wp-json\/wp\/v2\/posts\/146372\/revisions"}],"predecessor-version":[{"id":146374,"href":"http:\/\/elcuartopoder.com.mx\/nw\/wp-json\/wp\/v2\/posts\/146372\/revisions\/146374"}],"wp:featuredmedia":[{"embeddable":true,"href":"http:\/\/elcuartopoder.com.mx\/nw\/wp-json\/wp\/v2\/media\/146373"}],"wp:attachment":[{"href":"http:\/\/elcuartopoder.com.mx\/nw\/wp-json\/wp\/v2\/media?parent=146372"}],"wp:term":[{"taxonomy":"category","embeddable":true,"href":"http:\/\/elcuartopoder.com.mx\/nw\/wp-json\/wp\/v2\/categories?post=146372"},{"taxonomy":"post_tag","embeddable":true,"href":"http:\/\/elcuartopoder.com.mx\/nw\/wp-json\/wp\/v2\/tags?post=146372"}],"curies":[{"name":"wp","href":"https:\/\/api.w.org\/{rel}","templated":true}]}}