{"id":146426,"date":"2025-10-09T06:51:18","date_gmt":"2025-10-09T11:51:18","guid":{"rendered":"https:\/\/elcuartopoder.com.mx\/nw\/?p=146426"},"modified":"2025-10-09T06:51:20","modified_gmt":"2025-10-09T11:51:20","slug":"la-inseguridad-sigue-siendo-principal-preocupacion-de-los-mexicanos","status":"publish","type":"post","link":"http:\/\/elcuartopoder.com.mx\/nw\/nacionales\/la-inseguridad-sigue-siendo-principal-preocupacion-de-los-mexicanos\/","title":{"rendered":"La inseguridad sigue siendo principal preocupaci\u00f3n de los mexicanos"},"content":{"rendered":"\n<h2 class=\"wp-block-heading\"><strong>Junto con la inseguridad los mexicanos identifican como otras dos de sus principales preocupaciones la atenci\u00f3n a la salud y el aumento de precios.<\/strong><\/h2>\n\n\n\n<p>Ciudad de M\u00e9xico.- Pese a que ha habido importantes avances, principalmente en la disminuci\u00f3n de la\u00a0<strong>violencia<\/strong>\u00a0derivada de los homicidios dolosos en los primeros 12 meses de la Administraci\u00f3n de la Presidenta\u00a0<strong>Claudia Sheinbaum Pardo<\/strong>, la\u00a0<strong>inseguridad<\/strong>\u00a0p\u00fablica sigue siendo la principal preocupaci\u00f3n de la mayor\u00eda de los mexicanos, lo que convierte esa calamidad en el m\u00e1s grande desaf\u00edo para el segundo a\u00f1o del actual gobierno de la Cuarta Transformaci\u00f3n.<\/p>\n\n\n\n<p>Un comparativo entre los resultados de las robustas&nbsp;<strong>Encuestas Nacionales de Victimizaci\u00f3n y Percepci\u00f3n sobre Seguridad P\u00fablica<\/strong>&nbsp;(ENVIPE) correspondientes a los a\u00f1os 2023, 2024 y 2025, realizadas por el Instituto Nacional de Estad\u00edstica y Geograf\u00eda (INEGI), refleja que hay un peque\u00f1o incremento en la percepci\u00f3n de la gente de que el problema de la&nbsp;<strong>inseguridad<\/strong>&nbsp;sigue siendo el problema n\u00famero uno del pa\u00eds, con promedios de 62, 60.9 y 64.2 por ciento en los tres m\u00e1s recientes a\u00f1os.<\/p>\n\n\n\n<p>Junto con la inseguridad, los mexicanos identifican como otras dos de sus principales preocupaciones la atenci\u00f3n a la salud y el aumento de precios.<\/p>\n\n\n\n<p>El pasado 24 de julio de 2025 el INEGI present\u00f3 los resultados de la Encuesta Nacional de Seguridad P\u00fablica Urbana (ENSU) correspondiente al segundo trimestre del presente a\u00f1o y concluy\u00f3 que el 63.2 por ciento de la poblaci\u00f3n de 18 a\u00f1os y m\u00e1s, residente en 91 \u00e1reas urbanas del pa\u00eds consider\u00f3 que era inseguro vivir en su ciudad.<\/p>\n\n\n<div class=\"wp-block-image\">\n<figure class=\"aligncenter\"><img decoding=\"async\" src=\"https:\/\/www.sinembargo.mx\/wp-content\/uploads\/2025\/10\/preocupacion-poblacion.jpg?x52421\" alt=\"\" class=\"wp-image-4710293\"\/><\/figure><\/div>\n\n\n<p>Este martes 7 de septiembre del 2025, Marcela Figueroa Franco, titular del Secretariado Ejecutivo del Sistema Nacional de Seguridad P\u00fablica dijo que en el balance de los 12 primeros meses del gobierno de la presidenta Claudia Sheinbaum Pardo hubo una tendencia sostenida a la baja en la incidencia de homicidios dolosos: de un promedio de 86.9 homicidios diarios en el pa\u00eds en septiembre del 2024, cerr\u00f3 septiembre de 2025 con un promedio diario de 59.5 homicidios cada 24 horas.<\/p>\n\n\n\n<p>Esto representa una disminuci\u00f3n porcentual del 32 por ciento y de 27 homicidios dolosos menos por d\u00eda.<\/p>\n\n\n\n<figure class=\"wp-block-image\"><img decoding=\"async\" src=\"https:\/\/www.sinembargo.mx\/wp-content\/uploads\/2025\/10\/promedio-diario-homicidio-doloso.jpg?x52421\" alt=\"\" class=\"wp-image-4710295\"\/><\/figure>\n\n\n\n<figure class=\"wp-block-image\"><img decoding=\"async\" src=\"https:\/\/www.sinembargo.mx\/wp-content\/uploads\/2025\/10\/promedio-diario-homicidio-doloso-1.jpg?x52421\" alt=\"\" class=\"wp-image-4710296\"\/><\/figure>\n\n\n\n<h2 class=\"wp-block-heading\">La impunidad<\/h2>\n\n\n\n<p>Aunque la mayor\u00eda de la gente no la identifica claramente entre sus principales preocupaciones, las conclusiones que ofrece el Instituto Nacional de Estad\u00edstica y Geograf\u00eda reflejan que en M\u00e9xico seguimos teniendo un problema grav\u00edsimo de impunidad, atribuible, en gran medida, a la Fiscal\u00eda General de la Rep\u00fablica, en el \u00e1mbito federal, y a las fiscal\u00edas o procuradur\u00edas locales, en el espacio de las entidades federativas.<\/p>\n\n\n\n<p>La Encuesta Nacional de Victimizaci\u00f3n y Percepci\u00f3n sobre Seguridad P\u00fablica 2025, concluye que en 2024 se cometieron en M\u00e9xico 33.5 millones de delitos y que el 93.2 por ciento de los casos no fueron denunciados o simplemente no se inici\u00f3 alguna carpeta de investigaci\u00f3n. Esta encuesta es muy confiable pues fue realizada en 102 mil 76 viviendas, con personas de 18 a\u00f1os y mayores, cara a cara, entre diciembre y enero del 2024.<\/p>\n\n\n\n<p>Otro dato revelador que requiere atenci\u00f3n inmediata de las autoridades en los \u00e1mbitos federal y estatal, refleja que en m\u00e1s del 30 por ciento de los casos de delitos que no fueron denunciados, la gente argument\u00f3 que no lo hizo porque lo consider\u00f3 una p\u00e9rdida de tiempo, ante la falta de atenci\u00f3n de las autoridades.<\/p>\n\n\n\n<figure class=\"wp-block-image\"><img decoding=\"async\" src=\"https:\/\/www.sinembargo.mx\/wp-content\/uploads\/2025\/10\/causas-no-denuncia.jpg?x52421\" alt=\"\" class=\"wp-image-4710298\"\/><\/figure>\n\n\n\n<p>Dos de los principales delitos que aquejan a la poblaci\u00f3n han tenido sensible disminuci\u00f3n en los tres \u00faltimos a\u00f1os: el robo o asalto en calle o transporte p\u00fablico, incluyendo el robo relacionado con una visita a un banco o cajero autom\u00e1tico, y el robo total o parcial de veh\u00edculo. Mientras que el fraude y la extorsi\u00f3n se han consolidado como los delitos que m\u00e1s han incrementado su incidencia en perjuicio de la poblaci\u00f3n.<\/p>\n\n\n\n<figure class=\"wp-block-image\"><img decoding=\"async\" src=\"https:\/\/www.sinembargo.mx\/wp-content\/uploads\/2025\/10\/tasa-delitos.jpg?x52421\" alt=\"\" class=\"wp-image-4710299\"\/><\/figure>\n\n\n\n<p>M\u00e1s all\u00e1 de la percepci\u00f3n que pudiera tener la mayor\u00eda de la gente sobre los horarios en los cuales se cometen m\u00e1s conductas il\u00edcitas, en la Encuesta Nacional de Victimizaci\u00f3n y Percepci\u00f3n sobre Seguridad P\u00fablica 2025 resalta el dato que es entre las 12 del mediod\u00eda y las 6 de la tarde cuando es m\u00e1s alta la incidencia delictiva en el pa\u00eds. Y el segundo segmento del d\u00eda en el que m\u00e1s act\u00faan los delincuentes es entre las 18:00 y las 24:00 horas.<\/p>\n\n\n\n<figure class=\"wp-block-image\"><img decoding=\"async\" src=\"https:\/\/www.sinembargo.mx\/wp-content\/uploads\/2025\/10\/porcentaje-delitos.jpg?x52421\" alt=\"\" class=\"wp-image-4710300\"\/><\/figure>\n\n\n\n<h2 class=\"wp-block-heading\">M\u00e1s seguros<\/h2>\n\n\n\n<p>\u00bfEn qu\u00e9 lugares se siente la gente m\u00e1s segura?<\/p>\n\n\n\n<p>Hay un dato que valdr\u00eda la pena analizar con mucho cuidado, referido a la percepci\u00f3n de inseguridad de la gente en su colonia o localidad: s\u00f3lo 40.5 por ciento, pues sin duda es en los n\u00facleos m\u00e1s cercanos a su vida cotidiana en donde las personas pueden valorar mejor si viven con tranquilidad. Sin embargo, cuando se ampl\u00eda el universo en la misma pregunta sobre la percepci\u00f3n de inseguridad en su municipio, el porcentaje aumenta al 64.7 por ciento. Y el margen en la percepci\u00f3n de inseguridad crece cuando la pregunta se ampl\u00eda a toda una entidad federativa.<\/p>\n\n\n\n<figure class=\"wp-block-image\"><img decoding=\"async\" src=\"https:\/\/www.sinembargo.mx\/wp-content\/uploads\/2025\/10\/percepcion-inseguridad.jpg?x52421\" alt=\"\" class=\"wp-image-4710301\"\/><\/figure>\n\n\n\n<figure class=\"wp-block-image\"><img decoding=\"async\" src=\"https:\/\/www.sinembargo.mx\/wp-content\/uploads\/2025\/10\/percepcion-inseguridad-1.jpg?x52421\" alt=\"\" class=\"wp-image-4710302\"\/><\/figure>\n\n\n\n<figure class=\"wp-block-image\"><img decoding=\"async\" src=\"https:\/\/www.sinembargo.mx\/wp-content\/uploads\/2025\/10\/percepcion-inseguridad-2.jpg?x52421\" alt=\"\" class=\"wp-image-4710303\"\/><\/figure>\n\n\n\n<p>Como usted habr\u00e1 notado, en todos los casos hay un ligero incremento en las percepciones de la gente con respecto a la inseguridad. En t\u00e9rminos estad\u00edsticos es muy dif\u00edcil que en tan corto tiempo se experimenten cambios sensibles en la percepci\u00f3n de las personas. De cualquier manera, el primer a\u00f1o de gobierno de Sheinbaum Pardo fue muy aceptable, pero en los pr\u00f3ximos 12 meses de su mandato tendr\u00e1 que experimentar avances m\u00e1s s\u00f3lidos para que la gente del pa\u00eds se sienta m\u00e1s tranquila y segura.<\/p>\n\n\n\n<p>Fuente: sin embargo<\/p>\n","protected":false},"excerpt":{"rendered":"<p>Junto con la inseguridad los mexicanos identifican como otras dos de sus principales preocupaciones la atenci\u00f3n a la salud y el aumento de precios. Ciudad de M\u00e9xico.- Pese a que ha habido importantes avances, principalmente en la disminuci\u00f3n de la\u00a0violencia\u00a0derivada de los homicidios dolosos en los primeros 12 meses de la Administraci\u00f3n de la Presidenta\u00a0Claudia [&hellip;]<\/p>\n","protected":false},"author":2,"featured_media":146427,"comment_status":"open","ping_status":"open","sticky":false,"template":"","format":"standard","meta":{"footnotes":""},"categories":[55],"tags":[],"class_list":["post-146426","post","type-post","status-publish","format-standard","has-post-thumbnail","hentry","category-nacionales"],"_links":{"self":[{"href":"http:\/\/elcuartopoder.com.mx\/nw\/wp-json\/wp\/v2\/posts\/146426","targetHints":{"allow":["GET"]}}],"collection":[{"href":"http:\/\/elcuartopoder.com.mx\/nw\/wp-json\/wp\/v2\/posts"}],"about":[{"href":"http:\/\/elcuartopoder.com.mx\/nw\/wp-json\/wp\/v2\/types\/post"}],"author":[{"embeddable":true,"href":"http:\/\/elcuartopoder.com.mx\/nw\/wp-json\/wp\/v2\/users\/2"}],"replies":[{"embeddable":true,"href":"http:\/\/elcuartopoder.com.mx\/nw\/wp-json\/wp\/v2\/comments?post=146426"}],"version-history":[{"count":1,"href":"http:\/\/elcuartopoder.com.mx\/nw\/wp-json\/wp\/v2\/posts\/146426\/revisions"}],"predecessor-version":[{"id":146428,"href":"http:\/\/elcuartopoder.com.mx\/nw\/wp-json\/wp\/v2\/posts\/146426\/revisions\/146428"}],"wp:featuredmedia":[{"embeddable":true,"href":"http:\/\/elcuartopoder.com.mx\/nw\/wp-json\/wp\/v2\/media\/146427"}],"wp:attachment":[{"href":"http:\/\/elcuartopoder.com.mx\/nw\/wp-json\/wp\/v2\/media?parent=146426"}],"wp:term":[{"taxonomy":"category","embeddable":true,"href":"http:\/\/elcuartopoder.com.mx\/nw\/wp-json\/wp\/v2\/categories?post=146426"},{"taxonomy":"post_tag","embeddable":true,"href":"http:\/\/elcuartopoder.com.mx\/nw\/wp-json\/wp\/v2\/tags?post=146426"}],"curies":[{"name":"wp","href":"https:\/\/api.w.org\/{rel}","templated":true}]}}