{"id":146435,"date":"2025-10-10T13:40:17","date_gmt":"2025-10-10T18:40:17","guid":{"rendered":"https:\/\/elcuartopoder.com.mx\/nw\/?p=146435"},"modified":"2025-10-10T13:40:18","modified_gmt":"2025-10-10T18:40:18","slug":"%f0%9d%90%95%f0%9d%90%9a%f0%9d%90%a7-%f0%9d%90%9d%f0%9d%90%9e-%f0%9d%90%a7%f0%9d%90%ae%f0%9d%90%9e%f0%9d%90%af%f0%9d%90%a8-%f0%9d%90%9c%f0%9d%90%a8%f0%9d%90%a7%f0%9d%90%ad%f0%9d%90%ab%f0%9d%90%9a","status":"publish","type":"post","link":"http:\/\/elcuartopoder.com.mx\/nw\/municipales\/%f0%9d%90%95%f0%9d%90%9a%f0%9d%90%a7-%f0%9d%90%9d%f0%9d%90%9e-%f0%9d%90%a7%f0%9d%90%ae%f0%9d%90%9e%f0%9d%90%af%f0%9d%90%a8-%f0%9d%90%9c%f0%9d%90%a8%f0%9d%90%a7%f0%9d%90%ad%f0%9d%90%ab%f0%9d%90%9a\/","title":{"rendered":"\ud835\udc15\ud835\udc1a\ud835\udc27 \ud835\udc1d\ud835\udc1e \ud835\udc27\ud835\udc2e\ud835\udc1e\ud835\udc2f\ud835\udc28 \ud835\udc1c\ud835\udc28\ud835\udc27\ud835\udc2d\ud835\udc2b\ud835\udc1a \ud835\udc1e\ud835\udc25 \ud835\udc17\ud835\udc22\ud835\udc31\ud835\udc22\ud835\udc26\ud835\udc1a\ud835\udc1c: \ud835\udc1e\ud835\udc25 \ud835\udc1a\ud835\udc25\ud835\udc1c\ud835\udc1a\ud835\udc25\ud835\udc1d\ud835\udc1e \ud835\udc04\ud835\udc2b\ud835\udc22\ud835\udc24 \ud835\udc01\ud835\udc28\ud835\udc2b\ud835\udc20\ud835\udc1e\ud835\udc2c \ud835\udc32 \ud835\udc25\ud835\udc1a \ud835\udc05\ud835\udc22\ud835\udc2c\ud835\udc1c\ud835\udc1a\ud835\udc25\u00ed\ud835\udc1a \ud835\udc00\ud835\udc27\ud835\udc2d\ud835\udc22\ud835\udc1c\ud835\udc28\ud835\udc2b\ud835\udc2b\ud835\udc2e\ud835\udc29\ud835\udc1c\ud835\udc22\u00f3\ud835\udc27 \ud835\udc1a\ud835\udc29\ud835\udc1e\ud835\udc25\ud835\udc1a\ud835\udc27 \ud835\udc29\ud835\udc1a\ud835\udc2b\ud835\udc1a \ud835\udc2a\ud835\udc2e\ud835\udc1e \ud835\udc27\ud835\udc28 \ud835\udc2c\ud835\udc1e\ud835\udc1a \ud835\udc2b\ud835\udc1e\ud835\udc20\ud835\udc22\ud835\udc1d\ud835\udc28\ud835\udc2b \ud835\udc27\ud835\udc1a\ud835\udc2b\ud835\udc1a\ud835\udc27\ud835\udc23\ud835\udc1a"},"content":{"rendered":"\n<p>El \u201cXiximac\u201d Francisco Puc Cen, excandidato de Movimiento Naranja a la presidencia municipal de Jos\u00e9 Mar\u00eda Morelos, inform\u00f3 que \ud835\udc1a\ud835\udc32\ud835\udc1e\ud835\udc2b \ud835\udc1f\ud835\udc2e\ud835\udc1e \ud835\udc27\ud835\udc28\ud835\udc2d\ud835\udc22\ud835\udc1f\ud835\udc22\ud835\udc1c\ud835\udc1a\ud835\udc1d\ud835\udc28 \ud835\udc29\ud835\udc28\ud835\udc2b \ud835\udc2e\ud835\udc27 \ud835\udc09\ud835\udc2e\ud835\udc33\ud835\udc20\ud835\udc1a\ud835\udc1d\ud835\udc28 \ud835\udc0b\ud835\udc28\ud835\udc1c\ud835\udc1a\ud835\udc25 \ud835\udc2a\ud835\udc2e\ud835\udc1e \ud835\udc1e\ud835\udc25 \ud835\udc00\ud835\udc32\ud835\udc2e\ud835\udc27\ud835\udc2d\ud835\udc1a\ud835\udc26\ud835\udc22\ud835\udc1e\ud835\udc27\ud835\udc2d\ud835\udc28 \ud835\udc32 \ud835\udc25\ud835\udc1a \ud835\udc05\ud835\udc22\ud835\udc2c\ud835\udc1c\ud835\udc1a\ud835\udc25\u00ed\ud835\udc1a \ud835\udc00\ud835\udc27\ud835\udc2d\ud835\udc22\ud835\udc1c\ud835\udc28\ud835\udc2b\ud835\udc2b\ud835\udc2e\ud835\udc29\ud835\udc1c\ud835\udc22\u00f3\ud835\udc27 \ud835\udc1d\ud835\udc1e \ud835\udc10\ud835\udc2e\ud835\udc22\ud835\udc27\ud835\udc2d\ud835\udc1a\ud835\udc27\ud835\udc1a \ud835\udc11\ud835\udc28\ud835\udc28 \ud835\udc1a\ud835\udc29\ud835\udc1e\ud835\udc25\ud835\udc1a\ud835\udc2b\ud835\udc28\ud835\udc27 \ud835\udc25\ud835\udc1a \ud835\udc2b\ud835\udc1e\ud835\udc2c\ud835\udc28\ud835\udc25\ud835\udc2e\ud835\udc1c\ud835\udc22\u00f3\ud835\udc27 \ud835\udc1d\ud835\udc1e \ud835\udc2e\ud835\udc27 \ud835\udc09\ud835\udc2e\ud835\udc1e\ud835\udc33 \ud835\udc1d\ud835\udc1e \ud835\udc02\ud835\udc28\ud835\udc27\ud835\udc2d\ud835\udc2b\ud835\udc28\ud835\udc25, con la que por fin quedaba absuelto de todo cargo al contar con un amparo federal.<\/p>\n\n\n\n<p>\u00bf\ud835\udc00 \ud835\udc2a\ud835\udc2e\u00e9 \ud835\udc25\ud835\udc1e \ud835\udc2d\ud835\udc1e\ud835\udc26\ud835\udc1e \ud835\udc2d\ud835\udc1a\ud835\udc27\ud835\udc2d\ud835\udc28 \ud835\udc1e\ud835\udc25 \ud835\udc0f\ud835\udc2b\ud835\udc1e\ud835\udc2c\ud835\udc22\ud835\udc1d\ud835\udc1e\ud835\udc27\ud835\udc2d\ud835\udc1e \ud835\udc0c\ud835\udc2e\ud835\udc27\ud835\udc22\ud835\udc1c\ud835\udc22\ud835\udc29\ud835\udc1a\ud835\udc25, \ud835\udc2a\ud835\udc2e\ud835\udc1e \ud835\udc21\ud835\udc1a\ud835\udc1c\ud835\udc1e \ud835\udc21\ud835\udc1a\ud835\udc2c\ud835\udc2d\ud835\udc1a \ud835\udc25\ud835\udc28 \ud835\udc22\ud835\udc26\ud835\udc29\ud835\udc28\ud835\udc2c\ud835\udc22\ud835\udc1b\ud835\udc25\ud835\udc1e \ud835\udc29\ud835\udc28\ud835\udc2b \ud835\udc26\ud835\udc1a\ud835\udc27\ud835\udc2d\ud835\udc1e\ud835\udc27\ud835\udc1e\ud835\udc2b\ud835\udc26\ud835\udc1e \ud835\udc1f\ud835\udc2e\ud835\udc1e\ud835\udc2b\ud835\udc1a \ud835\udc1d\ud835\udc1e\ud835\udc25 \ud835\udc00\ud835\udc32\ud835\udc2e\ud835\udc27\ud835\udc2d\ud835\udc1a\ud835\udc26\ud835\udc22\ud835\udc1e\ud835\udc27\ud835\udc2d\ud835\udc28?, pregunta Francisco Puc al se\u00f1alar al alcalde morenista Erik Borges Yam, \u201cEl Rebelde\u201d.<\/p>\n\n\n\n<p>Acus\u00f3:<\/p>\n\n\n\n<p>\u201cQuiero dejar constancia de la violaci\u00f3n a mis derechos pol\u00edtico-electorales y de la persecuci\u00f3n pol\u00edtica constante y sistem\u00e1tica que el Presidente Municipal, \ud835\udc04\ud835\udc2b\ud835\udc22\ud835\udc24 \ud835\udc0d\ud835\udc28\u00e9 \ud835\udc01\ud835\udc28\ud835\udc2b\ud835\udc20\ud835\udc1e\ud835\udc2c \ud835\udc18\ud835\udc1a\ud835\udc26, ha ejercido en mi contra desde que fui Alcalde Municipal de Sab\u00e1n y ahora como Regidor Electo de Representaci\u00f3n Proporcional\u201d.<\/p>\n\n\n\n<p>\u201c\ud835\udc03\ud835\udc1e \ud835\udc26\ud835\udc1a\ud835\udc27\ud835\udc1e\ud835\udc2b\ud835\udc1a \ud835\udc28\ud835\udc1b\ud835\udc23\ud835\udc1e\ud835\udc2d\ud835\udc22\ud835\udc2f\ud835\udc1a \ud835\udc27\ud835\udc28 \ud835\udc1e\ud835\udc31\ud835\udc22\ud835\udc2c\ud835\udc2d\ud835\udc1e\ud835\udc27 \ud835\udc1e\ud835\udc25\ud835\udc1e\ud835\udc26\ud835\udc1e\ud835\udc27\ud835\udc2d\ud835\udc28\ud835\udc2c \ud835\udc23\ud835\udc2e\ud835\udc2b\u00ed\ud835\udc1d\ud835\udc22\ud835\udc1c\ud835\udc28\ud835\udc2c \ud835\udc29\ud835\udc1a\ud835\udc2b\ud835\udc1a \ud835\udc2f\ud835\udc28\ud835\udc25\ud835\udc2f\ud835\udc1e\ud835\udc2b \ud835\udc1a \ud835\udc2f\ud835\udc22\ud835\udc27\ud835\udc1c\ud835\udc2e\ud835\udc25\ud835\udc1a\ud835\udc2b\ud835\udc26\ud835\udc1e \ud835\udc1a \ud835\udc29\ud835\udc2b\ud835\udc28\ud835\udc1c\ud835\udc1e\ud835\udc2c\ud835\udc28, salvo que, de forma arbitraria, pretendan nuevamente usar el poder del sistema en mi contra, como lo han hecho durante m\u00e1s de un a\u00f1o\u201d, expres\u00f3 Xiximac en su publicaci\u00f3n de Facebook.<\/p>\n\n\n\n<p>Lo dijo as\u00ed, esta ma\u00f1ana:<\/p>\n\n\n\n<p>\u201cIndependientemente del recurso de apelaci\u00f3n que interpusieron, \ud835\udc27\ud835\udc28 \ud835\udc1e\ud835\udc31\ud835\udc22\ud835\udc2c\ud835\udc2d\ud835\udc1e \ud835\udc21\ud835\udc28\ud835\udc32 \ud835\udc27\ud835\udc22\ud835\udc27\ud835\udc20\ud835\udc2e\ud835\udc27\ud835\udc1a \ud835\udc26\ud835\udc1e\ud835\udc1d\ud835\udc22\ud835\udc1d\ud835\udc1a \ud835\udc2a\ud835\udc2e\ud835\udc1e \ud835\udc22\ud835\udc26\ud835\udc29\ud835\udc22\ud835\udc1d\ud835\udc1a \ud835\udc25\ud835\udc1e\ud835\udc20\ud835\udc1a\ud835\udc25\ud835\udc26\ud835\udc1e\ud835\udc27\ud835\udc2d\ud835\udc1e \ud835\udc1a\ud835\udc25 \ud835\udc0f\ud835\udc2b\ud835\udc1e\ud835\udc2c\ud835\udc22\ud835\udc1d\ud835\udc1e\ud835\udc27\ud835\udc2d\ud835\udc1e \ud835\udc0c\ud835\udc2e\ud835\udc27\ud835\udc22\ud835\udc1c\ud835\udc22\ud835\udc29\ud835\udc1a\ud835\udc25 \ud835\udc2d\ud835\udc28\ud835\udc26\ud835\udc1a\ud835\udc2b\ud835\udc26\ud835\udc1e \ud835\udc29\ud835\udc2b\ud835\udc28\ud835\udc2d\ud835\udc1e\ud835\udc2c\ud835\udc2d\ud835\udc1a. Lo que ha faltado no es fundamento jur\u00eddico, sino voluntad pol\u00edtica\u2026 o quiz\u00e1 miedo de tener a un servidor como Regidor en movimiento\u201d.<\/p>\n\n\n\n<p>Por \u00faltimo, Francisco Puc anticip\u00f3 acciones legales para defenderse.<\/p>\n\n\n\n<p>Javier Ch\u00e1vez Ataxca<br>CAF\u00c9 DE ALTURA<\/p>\n","protected":false},"excerpt":{"rendered":"<p>El \u201cXiximac\u201d Francisco Puc Cen, excandidato de Movimiento Naranja a la presidencia municipal de Jos\u00e9 Mar\u00eda Morelos, inform\u00f3 que \ud835\udc1a\ud835\udc32\ud835\udc1e\ud835\udc2b \ud835\udc1f\ud835\udc2e\ud835\udc1e \ud835\udc27\ud835\udc28\ud835\udc2d\ud835\udc22\ud835\udc1f\ud835\udc22\ud835\udc1c\ud835\udc1a\ud835\udc1d\ud835\udc28 \ud835\udc29\ud835\udc28\ud835\udc2b \ud835\udc2e\ud835\udc27 \ud835\udc09\ud835\udc2e\ud835\udc33\ud835\udc20\ud835\udc1a\ud835\udc1d\ud835\udc28 \ud835\udc0b\ud835\udc28\ud835\udc1c\ud835\udc1a\ud835\udc25 \ud835\udc2a\ud835\udc2e\ud835\udc1e \ud835\udc1e\ud835\udc25 \ud835\udc00\ud835\udc32\ud835\udc2e\ud835\udc27\ud835\udc2d\ud835\udc1a\ud835\udc26\ud835\udc22\ud835\udc1e\ud835\udc27\ud835\udc2d\ud835\udc28 \ud835\udc32 \ud835\udc25\ud835\udc1a \ud835\udc05\ud835\udc22\ud835\udc2c\ud835\udc1c\ud835\udc1a\ud835\udc25\u00ed\ud835\udc1a \ud835\udc00\ud835\udc27\ud835\udc2d\ud835\udc22\ud835\udc1c\ud835\udc28\ud835\udc2b\ud835\udc2b\ud835\udc2e\ud835\udc29\ud835\udc1c\ud835\udc22\u00f3\ud835\udc27 \ud835\udc1d\ud835\udc1e \ud835\udc10\ud835\udc2e\ud835\udc22\ud835\udc27\ud835\udc2d\ud835\udc1a\ud835\udc27\ud835\udc1a \ud835\udc11\ud835\udc28\ud835\udc28 \ud835\udc1a\ud835\udc29\ud835\udc1e\ud835\udc25\ud835\udc1a\ud835\udc2b\ud835\udc28\ud835\udc27 \ud835\udc25\ud835\udc1a \ud835\udc2b\ud835\udc1e\ud835\udc2c\ud835\udc28\ud835\udc25\ud835\udc2e\ud835\udc1c\ud835\udc22\u00f3\ud835\udc27 \ud835\udc1d\ud835\udc1e \ud835\udc2e\ud835\udc27 \ud835\udc09\ud835\udc2e\ud835\udc1e\ud835\udc33 \ud835\udc1d\ud835\udc1e \ud835\udc02\ud835\udc28\ud835\udc27\ud835\udc2d\ud835\udc2b\ud835\udc28\ud835\udc25, con la que por fin quedaba absuelto de todo cargo al [&hellip;]<\/p>\n","protected":false},"author":2,"featured_media":146436,"comment_status":"open","ping_status":"open","sticky":false,"template":"","format":"standard","meta":{"footnotes":""},"categories":[6],"tags":[],"class_list":["post-146435","post","type-post","status-publish","format-standard","has-post-thumbnail","hentry","category-municipales"],"_links":{"self":[{"href":"http:\/\/elcuartopoder.com.mx\/nw\/wp-json\/wp\/v2\/posts\/146435","targetHints":{"allow":["GET"]}}],"collection":[{"href":"http:\/\/elcuartopoder.com.mx\/nw\/wp-json\/wp\/v2\/posts"}],"about":[{"href":"http:\/\/elcuartopoder.com.mx\/nw\/wp-json\/wp\/v2\/types\/post"}],"author":[{"embeddable":true,"href":"http:\/\/elcuartopoder.com.mx\/nw\/wp-json\/wp\/v2\/users\/2"}],"replies":[{"embeddable":true,"href":"http:\/\/elcuartopoder.com.mx\/nw\/wp-json\/wp\/v2\/comments?post=146435"}],"version-history":[{"count":1,"href":"http:\/\/elcuartopoder.com.mx\/nw\/wp-json\/wp\/v2\/posts\/146435\/revisions"}],"predecessor-version":[{"id":146437,"href":"http:\/\/elcuartopoder.com.mx\/nw\/wp-json\/wp\/v2\/posts\/146435\/revisions\/146437"}],"wp:featuredmedia":[{"embeddable":true,"href":"http:\/\/elcuartopoder.com.mx\/nw\/wp-json\/wp\/v2\/media\/146436"}],"wp:attachment":[{"href":"http:\/\/elcuartopoder.com.mx\/nw\/wp-json\/wp\/v2\/media?parent=146435"}],"wp:term":[{"taxonomy":"category","embeddable":true,"href":"http:\/\/elcuartopoder.com.mx\/nw\/wp-json\/wp\/v2\/categories?post=146435"},{"taxonomy":"post_tag","embeddable":true,"href":"http:\/\/elcuartopoder.com.mx\/nw\/wp-json\/wp\/v2\/tags?post=146435"}],"curies":[{"name":"wp","href":"https:\/\/api.w.org\/{rel}","templated":true}]}}